{"id":7131,"date":"2025-10-03T14:07:00","date_gmt":"2025-10-03T14:07:00","guid":{"rendered":"https:\/\/www.abchukuk.com\/index.php\/2025\/10\/03\/hsk-kararnamesi-yayinlandi-istanbulda-3-adliyede-degisim-yeni-bassavcilar-kim-oldu\/"},"modified":"2025-10-03T14:07:00","modified_gmt":"2025-10-03T14:07:00","slug":"hsk-kararnamesi-yayinlandi-istanbulda-3-adliyede-degisim-yeni-bassavcilar-kim-oldu","status":"publish","type":"post","link":"https:\/\/www.abchukuk.com\/index.php\/2025\/10\/03\/hsk-kararnamesi-yayinlandi-istanbulda-3-adliyede-degisim-yeni-bassavcilar-kim-oldu\/","title":{"rendered":"HSK Kararnamesi Yay\u0131nland\u0131! \u0130stanbul\u2019da 3 Adliyede De\u011fi\u015fim! Yeni Ba\u015fsavc\u0131lar Kim Oldu?"},"content":{"rendered":"<p><a href=\"https:\/\/www.gercekgundem.com\/guncel\/hsk-kararnamesi-yayinlandi-istanbul-ve-antalyada-atanan-yeni-bassavcilar-kimler-iste-o-isimler-558127\"><br \/>\n                                                            <img decoding=\"async\" src=\"https:\/\/i.gercekgundem.com\/2\/150\/84\/storage\/files\/images\/2025\/10\/03\/hsk-kararnamesi-yayinlandi-istanbul-ve-antalyada-atanan-yeni-bassavcilar-kimler-iste-o-isimler-ei1v.png\" width=\"150\" height=\"84\" border=\"0\" align=\"right\" \/><br \/>\n                                                    <\/a><\/p>\n<h4>Hakimler ve Savc\u0131lar Kurulu bug\u00fcnk\u00fc toplant\u0131s\u0131nda \u00f6nemli atamalara imza att\u0131. HSK kararnamesinin yay\u0131nlanmas\u0131n\u0131n ard\u0131ndan yeni ba\u015fsavc\u0131lar da belli oldu. \u0130stanbul&#8217;da 3 adliyenin ba\u015fsavc\u0131s\u0131 de\u011fi\u015fti. \u0130stanbul Anadolu Cumhuriyet Ba\u015fsavc\u0131l\u0131\u011f\u0131na Fatih D\u00f6nmez, Bak\u0131rk\u00f6y Cumhuriyet Ba\u015fsavc\u0131l\u0131\u011f\u0131na Bar\u0131\u015f Duman ve Beykoz Cumhuriyet Ba\u015fsavc\u0131l\u0131\u011f\u0131na Harun Bulut atand\u0131.<\/h4>\n<p>Hakimler ve Savc\u0131lar Kurulu bug\u00fcnk\u00fc toplant\u0131s\u0131nda \u00f6nemli atamalara imza att\u0131. HSK kararnamesinin yay\u0131nlanmas\u0131n\u0131n ard\u0131ndan yeni ba\u015fsavc\u0131lar da belli oldu. \u0130stanbul&#8217;da 3 adliyenin ba\u015fsavc\u0131s\u0131 de\u011fi\u015fti. \u0130stanbul Anadolu Cumhuriyet Ba\u015fsavc\u0131l\u0131\u011f\u0131na Fatih D\u00f6nmez, Bak\u0131rk\u00f6y Cumhuriyet Ba\u015fsavc\u0131l\u0131\u011f\u0131na Bar\u0131\u015f Duman ve Beykoz Cumhuriyet Ba\u015fsavc\u0131l\u0131\u011f\u0131na Harun Bulut atand\u0131.\u00a0<a href=\"https:\/\/www.gercekgundem.com\/guncel\/hsk-kararnamesi-yayinlandi-istanbul-ve-antalyada-atanan-yeni-bassavcilar-kimler-iste-o-isimler-558127\" target=\"_blank\" class=\"feedzy-rss-link-icon\">Read More<\/a><\/p>","protected":false},"excerpt":{"rendered":"<p>Hakimler ve Savc\u0131lar Kurulu bug\u00fcnk\u00fc toplant\u0131s\u0131nda \u00f6nemli atamalara imza att\u0131. HSK kararnamesinin yay\u0131nlanmas\u0131n\u0131n ard\u0131ndan yeni ba\u015fsavc\u0131lar da belli oldu. \u0130stanbul&#8217;da 3 adliyenin ba\u015fsavc\u0131s\u0131 de\u011fi\u015fti. \u0130stanbul Anadolu Cumhuriyet Ba\u015fsavc\u0131l\u0131\u011f\u0131na Fatih D\u00f6nmez, Bak\u0131rk\u00f6y Cumhuriyet Ba\u015fsavc\u0131l\u0131\u011f\u0131na Bar\u0131\u015f Duman ve Beykoz Cumhuriyet Ba\u015fsavc\u0131l\u0131\u011f\u0131na Harun Bulut atand\u0131. Hakimler ve Savc\u0131lar Kurulu bug\u00fcnk\u00fc toplant\u0131s\u0131nda \u00f6nemli atamalara imza att\u0131. HSK kararnamesinin yay\u0131nlanmas\u0131n\u0131n [&hellip;]<\/p>\n","protected":false},"author":1,"featured_media":7132,"comment_status":"open","ping_status":"open","sticky":false,"template":"","format":"standard","meta":{"footnotes":"","_links_to":"","_links_to_target":""},"categories":[1],"tags":[],"class_list":["post-7131","post","type-post","status-publish","format-standard","has-post-thumbnail","hentry","category-haberler"],"_links":{"self":[{"href":"https:\/\/www.abchukuk.com\/index.php\/wp-json\/wp\/v2\/posts\/7131","targetHints":{"allow":["GET"]}}],"collection":[{"href":"https:\/\/www.abchukuk.com\/index.php\/wp-json\/wp\/v2\/posts"}],"about":[{"href":"https:\/\/www.abchukuk.com\/index.php\/wp-json\/wp\/v2\/types\/post"}],"author":[{"embeddable":true,"href":"https:\/\/www.abchukuk.com\/index.php\/wp-json\/wp\/v2\/users\/1"}],"replies":[{"embeddable":true,"href":"https:\/\/www.abchukuk.com\/index.php\/wp-json\/wp\/v2\/comments?post=7131"}],"version-history":[{"count":0,"href":"https:\/\/www.abchukuk.com\/index.php\/wp-json\/wp\/v2\/posts\/7131\/revisions"}],"wp:featuredmedia":[{"embeddable":true,"href":"https:\/\/www.abchukuk.com\/index.php\/wp-json\/wp\/v2\/media\/7132"}],"wp:attachment":[{"href":"https:\/\/www.abchukuk.com\/index.php\/wp-json\/wp\/v2\/media?parent=7131"}],"wp:term":[{"taxonomy":"category","embeddable":true,"href":"https:\/\/www.abchukuk.com\/index.php\/wp-json\/wp\/v2\/categories?post=7131"},{"taxonomy":"post_tag","embeddable":true,"href":"https:\/\/www.abchukuk.com\/index.php\/wp-json\/wp\/v2\/tags?post=7131"}],"curies":[{"name":"wp","href":"https:\/\/api.w.org\/{rel}","templated":true}]}}