{"id":7126,"date":"2025-10-03T14:46:00","date_gmt":"2025-10-03T14:46:00","guid":{"rendered":"https:\/\/www.abchukuk.com\/index.php\/2025\/10\/03\/cezaevindeki-chpli-belediye-baskani-istifa-etti\/"},"modified":"2025-10-03T14:46:00","modified_gmt":"2025-10-03T14:46:00","slug":"cezaevindeki-chpli-belediye-baskani-istifa-etti","status":"publish","type":"post","link":"https:\/\/www.abchukuk.com\/index.php\/2025\/10\/03\/cezaevindeki-chpli-belediye-baskani-istifa-etti\/","title":{"rendered":"Cezaevindeki CHP&#8217;li Belediye Ba\u015fkan\u0131 \u0130stifa Etti!"},"content":{"rendered":"<p><a href=\"https:\/\/www.gercekgundem.com\/siyaset\/cezaevindeki-chpli-belediye-baskani-istifa-etti-558136\"><br \/>\n                                                            <img decoding=\"async\" src=\"https:\/\/i.gercekgundem.com\/2\/150\/84\/storage\/files\/images\/2025\/10\/03\/abd-baskani-donald-trump-tarih-ve-sure-verdi-hamasa-son-bir-sans-verilecek-h9ow.jpg\" width=\"150\" height=\"84\" border=\"0\" align=\"right\" \/><br \/>\n                                                    <\/a><\/p>\n<h4>R\u00fc\u015fvet su\u00e7lamas\u0131yla tutuklanan CHP&#8217;li Manavgat Belediye Ba\u015fkan\u0131 Niyazi Nefi Kara, partisinden istifa etti. Kara, \u00fcyeli\u011finin ask\u0131ya al\u0131nmas\u0131 nedeniyle itibars\u0131zla\u015ft\u0131rma operasyonuna maruz kald\u0131\u011f\u0131n\u0131 savundu.<\/h4>\n<p>R\u00fc\u015fvet su\u00e7lamas\u0131yla tutuklanan CHP&#8217;li Manavgat Belediye Ba\u015fkan\u0131 Niyazi Nefi Kara, partisinden istifa etti. Kara, \u00fcyeli\u011finin ask\u0131ya al\u0131nmas\u0131 nedeniyle itibars\u0131zla\u015ft\u0131rma operasyonuna maruz kald\u0131\u011f\u0131n\u0131 savundu.\u00a0<a href=\"https:\/\/www.gercekgundem.com\/siyaset\/cezaevindeki-chpli-belediye-baskani-istifa-etti-558136\" target=\"_blank\" class=\"feedzy-rss-link-icon\">Read More<\/a><\/p>","protected":false},"excerpt":{"rendered":"<p>R\u00fc\u015fvet su\u00e7lamas\u0131yla tutuklanan CHP&#8217;li Manavgat Belediye Ba\u015fkan\u0131 Niyazi Nefi Kara, partisinden istifa etti. Kara, \u00fcyeli\u011finin ask\u0131ya al\u0131nmas\u0131 nedeniyle itibars\u0131zla\u015ft\u0131rma operasyonuna maruz kald\u0131\u011f\u0131n\u0131 savundu. R\u00fc\u015fvet su\u00e7lamas\u0131yla tutuklanan CHP&#8217;li Manavgat Belediye Ba\u015fkan\u0131 Niyazi Nefi Kara, partisinden istifa etti. Kara, \u00fcyeli\u011finin ask\u0131ya al\u0131nmas\u0131 nedeniyle itibars\u0131zla\u015ft\u0131rma operasyonuna maruz kald\u0131\u011f\u0131n\u0131 savundu.\u00a0Read More<\/p>\n","protected":false},"author":1,"featured_media":7127,"comment_status":"open","ping_status":"open","sticky":false,"template":"","format":"standard","meta":{"footnotes":"","_links_to":"","_links_to_target":""},"categories":[1],"tags":[],"class_list":["post-7126","post","type-post","status-publish","format-standard","has-post-thumbnail","hentry","category-haberler"],"_links":{"self":[{"href":"https:\/\/www.abchukuk.com\/index.php\/wp-json\/wp\/v2\/posts\/7126","targetHints":{"allow":["GET"]}}],"collection":[{"href":"https:\/\/www.abchukuk.com\/index.php\/wp-json\/wp\/v2\/posts"}],"about":[{"href":"https:\/\/www.abchukuk.com\/index.php\/wp-json\/wp\/v2\/types\/post"}],"author":[{"embeddable":true,"href":"https:\/\/www.abchukuk.com\/index.php\/wp-json\/wp\/v2\/users\/1"}],"replies":[{"embeddable":true,"href":"https:\/\/www.abchukuk.com\/index.php\/wp-json\/wp\/v2\/comments?post=7126"}],"version-history":[{"count":0,"href":"https:\/\/www.abchukuk.com\/index.php\/wp-json\/wp\/v2\/posts\/7126\/revisions"}],"wp:featuredmedia":[{"embeddable":true,"href":"https:\/\/www.abchukuk.com\/index.php\/wp-json\/wp\/v2\/media\/7127"}],"wp:attachment":[{"href":"https:\/\/www.abchukuk.com\/index.php\/wp-json\/wp\/v2\/media?parent=7126"}],"wp:term":[{"taxonomy":"category","embeddable":true,"href":"https:\/\/www.abchukuk.com\/index.php\/wp-json\/wp\/v2\/categories?post=7126"},{"taxonomy":"post_tag","embeddable":true,"href":"https:\/\/www.abchukuk.com\/index.php\/wp-json\/wp\/v2\/tags?post=7126"}],"curies":[{"name":"wp","href":"https:\/\/api.w.org\/{rel}","templated":true}]}}