{"id":7081,"date":"2025-10-03T06:24:00","date_gmt":"2025-10-03T06:24:00","guid":{"rendered":"https:\/\/www.abchukuk.com\/index.php\/2025\/10\/03\/ilk-kez-hakim-karsisina-cikti-fatih-altayli-hakkinda-tutukluluga-devam-karari\/"},"modified":"2025-10-03T06:24:00","modified_gmt":"2025-10-03T06:24:00","slug":"ilk-kez-hakim-karsisina-cikti-fatih-altayli-hakkinda-tutukluluga-devam-karari","status":"publish","type":"post","link":"https:\/\/www.abchukuk.com\/index.php\/2025\/10\/03\/ilk-kez-hakim-karsisina-cikti-fatih-altayli-hakkinda-tutukluluga-devam-karari\/","title":{"rendered":"\u0130lk kez hakim kar\u015f\u0131s\u0131na \u00e7\u0131kt\u0131: Fatih Altayl\u0131 hakk\u0131nda &#8216;tutuklulu\u011fa devam&#8217; karar\u0131!"},"content":{"rendered":"<p>AKP&#8217;li Cumhurba\u015fkan\u0131 Erdo\u011fan&#8217;\u0131 &#8216;hedef alan s\u00f6zler sarf etti\u011fi&#8217; iddias\u0131yla 104 g\u00fcnd\u00fcr tutuklu bulunan gazeteci Fatih Altayl\u0131, bug\u00fcn ilk kez hakim kar\u015f\u0131s\u0131na \u00e7\u0131kt\u0131. Altayl\u0131\u2019n\u0131n tutukluluk halinin devam\u0131na karar verildi. Bir sonraki duru\u015fma 26 Kas\u0131m&#8217;a ertelendi.AKP&#8217;li Cumhurba\u015fkan\u0131 Erdo\u011fan&#8217;\u0131 &#8216;hedef alan s\u00f6zler sarf etti\u011fi&#8217; iddias\u0131yla 104 g\u00fcnd\u00fcr tutuklu bulunan gazeteci Fatih Altayl\u0131, bug\u00fcn ilk kez hakim kar\u015f\u0131s\u0131na \u00e7\u0131kt\u0131. Altayl\u0131\u2019n\u0131n tutukluluk halinin devam\u0131na karar verildi. Bir sonraki duru\u015fma 26 Kas\u0131m&#8217;a ertelendi.\u00a0<a href=\"https:\/\/www.cumhuriyet.com.tr\/siyaset\/ilk-kez-hakim-karsisina-cikti-fatih-altayli-nin-tutuklulugu-devam-edecek-2440319\" target=\"_blank\" class=\"feedzy-rss-link-icon\">Read More<\/a><\/p>","protected":false},"excerpt":{"rendered":"<p>AKP&#8217;li Cumhurba\u015fkan\u0131 Erdo\u011fan&#8217;\u0131 &#8216;hedef alan s\u00f6zler sarf etti\u011fi&#8217; iddias\u0131yla 104 g\u00fcnd\u00fcr tutuklu bulunan gazeteci Fatih Altayl\u0131, bug\u00fcn ilk kez hakim kar\u015f\u0131s\u0131na \u00e7\u0131kt\u0131. Altayl\u0131\u2019n\u0131n tutukluluk halinin devam\u0131na karar verildi. Bir sonraki duru\u015fma 26 Kas\u0131m&#8217;a ertelendi.AKP&#8217;li Cumhurba\u015fkan\u0131 Erdo\u011fan&#8217;\u0131 &#8216;hedef alan s\u00f6zler sarf etti\u011fi&#8217; iddias\u0131yla 104 g\u00fcnd\u00fcr tutuklu bulunan gazeteci Fatih Altayl\u0131, bug\u00fcn ilk kez hakim kar\u015f\u0131s\u0131na \u00e7\u0131kt\u0131. [&hellip;]<\/p>\n","protected":false},"author":1,"featured_media":7082,"comment_status":"open","ping_status":"open","sticky":false,"template":"","format":"standard","meta":{"footnotes":"","_links_to":"","_links_to_target":""},"categories":[1],"tags":[],"class_list":["post-7081","post","type-post","status-publish","format-standard","has-post-thumbnail","hentry","category-haberler"],"_links":{"self":[{"href":"https:\/\/www.abchukuk.com\/index.php\/wp-json\/wp\/v2\/posts\/7081","targetHints":{"allow":["GET"]}}],"collection":[{"href":"https:\/\/www.abchukuk.com\/index.php\/wp-json\/wp\/v2\/posts"}],"about":[{"href":"https:\/\/www.abchukuk.com\/index.php\/wp-json\/wp\/v2\/types\/post"}],"author":[{"embeddable":true,"href":"https:\/\/www.abchukuk.com\/index.php\/wp-json\/wp\/v2\/users\/1"}],"replies":[{"embeddable":true,"href":"https:\/\/www.abchukuk.com\/index.php\/wp-json\/wp\/v2\/comments?post=7081"}],"version-history":[{"count":0,"href":"https:\/\/www.abchukuk.com\/index.php\/wp-json\/wp\/v2\/posts\/7081\/revisions"}],"wp:featuredmedia":[{"embeddable":true,"href":"https:\/\/www.abchukuk.com\/index.php\/wp-json\/wp\/v2\/media\/7082"}],"wp:attachment":[{"href":"https:\/\/www.abchukuk.com\/index.php\/wp-json\/wp\/v2\/media?parent=7081"}],"wp:term":[{"taxonomy":"category","embeddable":true,"href":"https:\/\/www.abchukuk.com\/index.php\/wp-json\/wp\/v2\/categories?post=7081"},{"taxonomy":"post_tag","embeddable":true,"href":"https:\/\/www.abchukuk.com\/index.php\/wp-json\/wp\/v2\/tags?post=7081"}],"curies":[{"name":"wp","href":"https:\/\/api.w.org\/{rel}","templated":true}]}}