{"id":7067,"date":"2025-10-03T09:46:00","date_gmt":"2025-10-03T09:46:00","guid":{"rendered":"https:\/\/www.abchukuk.com\/index.php\/2025\/10\/03\/fatih-altayli-hakim-karsisina-cikti-tutukluluk-hali-devam-edecek-chpden-ilk-tepki\/"},"modified":"2025-10-03T09:46:00","modified_gmt":"2025-10-03T09:46:00","slug":"fatih-altayli-hakim-karsisina-cikti-tutukluluk-hali-devam-edecek-chpden-ilk-tepki","status":"publish","type":"post","link":"https:\/\/www.abchukuk.com\/index.php\/2025\/10\/03\/fatih-altayli-hakim-karsisina-cikti-tutukluluk-hali-devam-edecek-chpden-ilk-tepki\/","title":{"rendered":"Fatih Altayl\u0131 hakim kar\u015f\u0131s\u0131na \u00e7\u0131kt\u0131, tutukluluk hali devam edecek: CHP&#8217;den ilk tepki!"},"content":{"rendered":"<p>CHP Diyarbak\u0131r Milletvekili Sezgin Tanr\u0131kulu, &#8220;Fatih Altayl\u0131 gibi ifadeye \u00e7a\u011fr\u0131ld\u0131\u011f\u0131 zaman gelecek, kamuoyunun g\u00f6z\u00fc \u00f6n\u00fcndeki insanlar\u0131n g\u00f6zalt\u0131na al\u0131nmas\u0131 ve &#8216;ka\u00e7ma \u015f\u00fcphesi&#8217; iddias\u0131yla tutuklanmas\u0131 T\u00fcrkiye&#8217;de ifade, d\u00fc\u015f\u00fcnce ve bas\u0131n \u00f6zg\u00fcrl\u00fc\u011f\u00fcn\u00fcn durumunu bir kez daha ortaya koyuyor&#8221; dedi.CHP Diyarbak\u0131r Milletvekili Sezgin Tanr\u0131kulu, &#8220;Fatih Altayl\u0131 gibi ifadeye \u00e7a\u011fr\u0131ld\u0131\u011f\u0131 zaman gelecek, kamuoyunun g\u00f6z\u00fc \u00f6n\u00fcndeki insanlar\u0131n g\u00f6zalt\u0131na al\u0131nmas\u0131 ve &#8216;ka\u00e7ma \u015f\u00fcphesi&#8217; iddias\u0131yla tutuklanmas\u0131 T\u00fcrkiye&#8217;de ifade, d\u00fc\u015f\u00fcnce ve bas\u0131n \u00f6zg\u00fcrl\u00fc\u011f\u00fcn\u00fcn durumunu bir kez daha ortaya koyuyor&#8221; dedi.\u00a0<a href=\"https:\/\/www.cumhuriyet.com.tr\/siyaset\/fatih-altayli-hakim-karsisina-cikti-tutukluluk-hali-devam-edecek-chp-den-ilk-tepki-2440402\" target=\"_blank\" class=\"feedzy-rss-link-icon\">Read More<\/a><\/p>","protected":false},"excerpt":{"rendered":"<p>CHP Diyarbak\u0131r Milletvekili Sezgin Tanr\u0131kulu, &#8220;Fatih Altayl\u0131 gibi ifadeye \u00e7a\u011fr\u0131ld\u0131\u011f\u0131 zaman gelecek, kamuoyunun g\u00f6z\u00fc \u00f6n\u00fcndeki insanlar\u0131n g\u00f6zalt\u0131na al\u0131nmas\u0131 ve &#8216;ka\u00e7ma \u015f\u00fcphesi&#8217; iddias\u0131yla tutuklanmas\u0131 T\u00fcrkiye&#8217;de ifade, d\u00fc\u015f\u00fcnce ve bas\u0131n \u00f6zg\u00fcrl\u00fc\u011f\u00fcn\u00fcn durumunu bir kez daha ortaya koyuyor&#8221; dedi.CHP Diyarbak\u0131r Milletvekili Sezgin Tanr\u0131kulu, &#8220;Fatih Altayl\u0131 gibi ifadeye \u00e7a\u011fr\u0131ld\u0131\u011f\u0131 zaman gelecek, kamuoyunun g\u00f6z\u00fc \u00f6n\u00fcndeki insanlar\u0131n g\u00f6zalt\u0131na al\u0131nmas\u0131 ve &#8216;ka\u00e7ma [&hellip;]<\/p>\n","protected":false},"author":1,"featured_media":7068,"comment_status":"open","ping_status":"open","sticky":false,"template":"","format":"standard","meta":{"footnotes":"","_links_to":"","_links_to_target":""},"categories":[1],"tags":[],"class_list":["post-7067","post","type-post","status-publish","format-standard","has-post-thumbnail","hentry","category-haberler"],"_links":{"self":[{"href":"https:\/\/www.abchukuk.com\/index.php\/wp-json\/wp\/v2\/posts\/7067","targetHints":{"allow":["GET"]}}],"collection":[{"href":"https:\/\/www.abchukuk.com\/index.php\/wp-json\/wp\/v2\/posts"}],"about":[{"href":"https:\/\/www.abchukuk.com\/index.php\/wp-json\/wp\/v2\/types\/post"}],"author":[{"embeddable":true,"href":"https:\/\/www.abchukuk.com\/index.php\/wp-json\/wp\/v2\/users\/1"}],"replies":[{"embeddable":true,"href":"https:\/\/www.abchukuk.com\/index.php\/wp-json\/wp\/v2\/comments?post=7067"}],"version-history":[{"count":0,"href":"https:\/\/www.abchukuk.com\/index.php\/wp-json\/wp\/v2\/posts\/7067\/revisions"}],"wp:featuredmedia":[{"embeddable":true,"href":"https:\/\/www.abchukuk.com\/index.php\/wp-json\/wp\/v2\/media\/7068"}],"wp:attachment":[{"href":"https:\/\/www.abchukuk.com\/index.php\/wp-json\/wp\/v2\/media?parent=7067"}],"wp:term":[{"taxonomy":"category","embeddable":true,"href":"https:\/\/www.abchukuk.com\/index.php\/wp-json\/wp\/v2\/categories?post=7067"},{"taxonomy":"post_tag","embeddable":true,"href":"https:\/\/www.abchukuk.com\/index.php\/wp-json\/wp\/v2\/tags?post=7067"}],"curies":[{"name":"wp","href":"https:\/\/api.w.org\/{rel}","templated":true}]}}