{"id":7066,"date":"2025-10-03T08:09:23","date_gmt":"2025-10-03T08:09:23","guid":{"rendered":"https:\/\/www.abchukuk.com\/index.php\/2025\/10\/03\/chp-istanbul-il-kongresi-davasinda-yeni-gelisme-mahkemeden-gursel-tekin-karari\/"},"modified":"2025-10-03T08:09:23","modified_gmt":"2025-10-03T08:09:23","slug":"chp-istanbul-il-kongresi-davasinda-yeni-gelisme-mahkemeden-gursel-tekin-karari","status":"publish","type":"post","link":"https:\/\/www.abchukuk.com\/index.php\/2025\/10\/03\/chp-istanbul-il-kongresi-davasinda-yeni-gelisme-mahkemeden-gursel-tekin-karari\/","title":{"rendered":"CHP \u0130stanbul \u0130l Kongresi davas\u0131nda yeni geli\u015fme: Mahkemeden G\u00fcrsel Tekin karar\u0131"},"content":{"rendered":"<p>CHP&#8217;de Kas\u0131m 2023&#8217;te \u00d6zg\u00fcr \u00c7elik&#8217;in \u0130l Ba\u015fkan\u0131 se\u00e7ildi\u011fi \u0130stanbul \u0130l Kongresi&#8217;nin iptali istemiyle a\u00e7\u0131lan dava bug\u00fcn g\u00f6r\u00fcld\u00fc. G\u00fcrsel Tekin ve heyetinin kayyum olarak g\u00f6revini s\u00fcrd\u00fcrmesine de karar veren mahkeme, davay\u0131 21 Kas\u0131m&#8217;a erteledi.CHP&#8217;de Kas\u0131m 2023&#8217;te \u00d6zg\u00fcr \u00c7elik&#8217;in \u0130l Ba\u015fkan\u0131 se\u00e7ildi\u011fi \u0130stanbul \u0130l Kongresi&#8217;nin iptali istemiyle a\u00e7\u0131lan dava bug\u00fcn g\u00f6r\u00fcld\u00fc. G\u00fcrsel Tekin ve heyetinin kayyum olarak g\u00f6revini s\u00fcrd\u00fcrmesine de karar veren mahkeme, davay\u0131 21 Kas\u0131m&#8217;a erteledi.\u00a0<a href=\"https:\/\/anlatilaninotesi.com.tr\/20251003\/chp-istanbul-il-kongresi-davasinda-yeni-gelisme-mahkemeden-gursel-tekin-karari-1099876086.html\" target=\"_blank\" class=\"feedzy-rss-link-icon\">Read More<\/a><\/p>","protected":false},"excerpt":{"rendered":"<p>CHP&#8217;de Kas\u0131m 2023&#8217;te \u00d6zg\u00fcr \u00c7elik&#8217;in \u0130l Ba\u015fkan\u0131 se\u00e7ildi\u011fi \u0130stanbul \u0130l Kongresi&#8217;nin iptali istemiyle a\u00e7\u0131lan dava bug\u00fcn g\u00f6r\u00fcld\u00fc. G\u00fcrsel Tekin ve heyetinin kayyum olarak g\u00f6revini s\u00fcrd\u00fcrmesine de karar veren mahkeme, davay\u0131 21 Kas\u0131m&#8217;a erteledi.CHP&#8217;de Kas\u0131m 2023&#8217;te \u00d6zg\u00fcr \u00c7elik&#8217;in \u0130l Ba\u015fkan\u0131 se\u00e7ildi\u011fi \u0130stanbul \u0130l Kongresi&#8217;nin iptali istemiyle a\u00e7\u0131lan dava bug\u00fcn g\u00f6r\u00fcld\u00fc. G\u00fcrsel Tekin ve heyetinin kayyum olarak [&hellip;]<\/p>\n","protected":false},"author":1,"featured_media":0,"comment_status":"open","ping_status":"open","sticky":false,"template":"","format":"standard","meta":{"footnotes":"","_links_to":"","_links_to_target":""},"categories":[1],"tags":[],"class_list":["post-7066","post","type-post","status-publish","format-standard","hentry","category-haberler"],"_links":{"self":[{"href":"https:\/\/www.abchukuk.com\/index.php\/wp-json\/wp\/v2\/posts\/7066","targetHints":{"allow":["GET"]}}],"collection":[{"href":"https:\/\/www.abchukuk.com\/index.php\/wp-json\/wp\/v2\/posts"}],"about":[{"href":"https:\/\/www.abchukuk.com\/index.php\/wp-json\/wp\/v2\/types\/post"}],"author":[{"embeddable":true,"href":"https:\/\/www.abchukuk.com\/index.php\/wp-json\/wp\/v2\/users\/1"}],"replies":[{"embeddable":true,"href":"https:\/\/www.abchukuk.com\/index.php\/wp-json\/wp\/v2\/comments?post=7066"}],"version-history":[{"count":0,"href":"https:\/\/www.abchukuk.com\/index.php\/wp-json\/wp\/v2\/posts\/7066\/revisions"}],"wp:attachment":[{"href":"https:\/\/www.abchukuk.com\/index.php\/wp-json\/wp\/v2\/media?parent=7066"}],"wp:term":[{"taxonomy":"category","embeddable":true,"href":"https:\/\/www.abchukuk.com\/index.php\/wp-json\/wp\/v2\/categories?post=7066"},{"taxonomy":"post_tag","embeddable":true,"href":"https:\/\/www.abchukuk.com\/index.php\/wp-json\/wp\/v2\/tags?post=7066"}],"curies":[{"name":"wp","href":"https:\/\/api.w.org\/{rel}","templated":true}]}}