{"id":7058,"date":"2025-10-03T07:05:00","date_gmt":"2025-10-03T07:05:00","guid":{"rendered":"https:\/\/www.abchukuk.com\/index.php\/2025\/10\/03\/emekli-albay-orkun-ozeller-silivri-cezaevine-nakledildi\/"},"modified":"2025-10-03T07:05:00","modified_gmt":"2025-10-03T07:05:00","slug":"emekli-albay-orkun-ozeller-silivri-cezaevine-nakledildi","status":"publish","type":"post","link":"https:\/\/www.abchukuk.com\/index.php\/2025\/10\/03\/emekli-albay-orkun-ozeller-silivri-cezaevine-nakledildi\/","title":{"rendered":"Emekli Albay Orkun \u00d6zeller, Silivri Cezaevi&#8217;ne nakledildi"},"content":{"rendered":"<p>Emekli Albay Orkun \u00d6zeller&#8217;in avukat\u0131 Do\u011fukan Kozan, &#8220;Say\u0131n Orkun \u00d6zeller, Silivri&#8217;de. An itibar\u0131yla B-35 ko\u011fu\u015funda yaln\u0131z, b\u0131rak\u0131n televizyonu saat dahi olmadan kalmaktad\u0131r. Ancak biliyor ki Orkun \u00d6zeller yaln\u0131z de\u011fildir. Hen\u00fcz soru\u015fturma dosyas\u0131nda bir geli\u015fme bulunmamakta olup iddianame haz\u0131rlanmad\u0131\u011f\u0131ndan duru\u015fma g\u00fcn\u00fc me\u00e7huld\u00fcr&#8221; dedi.Emekli Albay Orkun \u00d6zeller&#8217;in avukat\u0131 Do\u011fukan Kozan, &#8220;Say\u0131n Orkun \u00d6zeller, Silivri&#8217;de. An itibar\u0131yla B-35 ko\u011fu\u015funda yaln\u0131z, b\u0131rak\u0131n televizyonu saat dahi olmadan kalmaktad\u0131r. Ancak biliyor ki Orkun \u00d6zeller yaln\u0131z de\u011fildir. Hen\u00fcz soru\u015fturma dosyas\u0131nda bir geli\u015fme bulunmamakta olup iddianame haz\u0131rlanmad\u0131\u011f\u0131ndan duru\u015fma g\u00fcn\u00fc me\u00e7huld\u00fcr&#8221; dedi.\u00a0<a href=\"https:\/\/www.cumhuriyet.com.tr\/turkiye\/emekli-albay-orkun-ozeller-silivri-cezaevi-ne-nakledildi-2440341\" target=\"_blank\" class=\"feedzy-rss-link-icon\">Read More<\/a><\/p>","protected":false},"excerpt":{"rendered":"<p>Emekli Albay Orkun \u00d6zeller&#8217;in avukat\u0131 Do\u011fukan Kozan, &#8220;Say\u0131n Orkun \u00d6zeller, Silivri&#8217;de. An itibar\u0131yla B-35 ko\u011fu\u015funda yaln\u0131z, b\u0131rak\u0131n televizyonu saat dahi olmadan kalmaktad\u0131r. Ancak biliyor ki Orkun \u00d6zeller yaln\u0131z de\u011fildir. Hen\u00fcz soru\u015fturma dosyas\u0131nda bir geli\u015fme bulunmamakta olup iddianame haz\u0131rlanmad\u0131\u011f\u0131ndan duru\u015fma g\u00fcn\u00fc me\u00e7huld\u00fcr&#8221; dedi.Emekli Albay Orkun \u00d6zeller&#8217;in avukat\u0131 Do\u011fukan Kozan, &#8220;Say\u0131n Orkun \u00d6zeller, Silivri&#8217;de. An itibar\u0131yla B-35 [&hellip;]<\/p>\n","protected":false},"author":1,"featured_media":7059,"comment_status":"open","ping_status":"open","sticky":false,"template":"","format":"standard","meta":{"footnotes":"","_links_to":"","_links_to_target":""},"categories":[1],"tags":[],"class_list":["post-7058","post","type-post","status-publish","format-standard","has-post-thumbnail","hentry","category-haberler"],"_links":{"self":[{"href":"https:\/\/www.abchukuk.com\/index.php\/wp-json\/wp\/v2\/posts\/7058","targetHints":{"allow":["GET"]}}],"collection":[{"href":"https:\/\/www.abchukuk.com\/index.php\/wp-json\/wp\/v2\/posts"}],"about":[{"href":"https:\/\/www.abchukuk.com\/index.php\/wp-json\/wp\/v2\/types\/post"}],"author":[{"embeddable":true,"href":"https:\/\/www.abchukuk.com\/index.php\/wp-json\/wp\/v2\/users\/1"}],"replies":[{"embeddable":true,"href":"https:\/\/www.abchukuk.com\/index.php\/wp-json\/wp\/v2\/comments?post=7058"}],"version-history":[{"count":0,"href":"https:\/\/www.abchukuk.com\/index.php\/wp-json\/wp\/v2\/posts\/7058\/revisions"}],"wp:featuredmedia":[{"embeddable":true,"href":"https:\/\/www.abchukuk.com\/index.php\/wp-json\/wp\/v2\/media\/7059"}],"wp:attachment":[{"href":"https:\/\/www.abchukuk.com\/index.php\/wp-json\/wp\/v2\/media?parent=7058"}],"wp:term":[{"taxonomy":"category","embeddable":true,"href":"https:\/\/www.abchukuk.com\/index.php\/wp-json\/wp\/v2\/categories?post=7058"},{"taxonomy":"post_tag","embeddable":true,"href":"https:\/\/www.abchukuk.com\/index.php\/wp-json\/wp\/v2\/tags?post=7058"}],"curies":[{"name":"wp","href":"https:\/\/api.w.org\/{rel}","templated":true}]}}