{"id":7057,"date":"2025-10-03T07:18:02","date_gmt":"2025-10-03T07:18:02","guid":{"rendered":"https:\/\/www.abchukuk.com\/index.php\/2025\/10\/03\/hskda-gozler-turan-kuloglunda\/"},"modified":"2025-10-03T07:18:02","modified_gmt":"2025-10-03T07:18:02","slug":"hskda-gozler-turan-kuloglunda","status":"publish","type":"post","link":"https:\/\/www.abchukuk.com\/index.php\/2025\/10\/03\/hskda-gozler-turan-kuloglunda\/","title":{"rendered":"HSK\u2019da G\u00f6zler Turan Kulo\u011flu\u2019nda"},"content":{"rendered":"<p><strong>SONTV KUL\u0130S HABER<\/strong><\/p>\n<p class=\"p1\">HSK Birinci Dairesi \u00fcyeleri Turan Kulo\u011flu, Mehmet Y\u0131lmaz, Hakan Y\u00fcksel, Havvanur Yurtsever ve Sait \u00d6zdemir \u015fu s\u0131ralar HSK\u2019daki odalar\u0131nda bekliyor.<\/p>\n<p class=\"p1\">Ba\u015fkan Turan Kulo\u011flu\u2019nun hen\u00fcz \u00fcyelere toplanma \u00e7a\u011fr\u0131s\u0131 yapmad\u0131\u011f\u0131 \u00f6\u011frenildi.<\/p>\n<p class=\"p1\">Yarg\u0131 kulislerinde \u00f6zellikle \u0130stanbul \u0130l\u00e7e Ba\u015fsavc\u0131l\u0131klar\u0131 i\u00e7in beklenen kararname b\u00fcy\u00fck merak konusu.<\/p>\n<p class=\"p1\">Edinilen bilgilere g\u00f6re, Daire Ba\u015fkan\u0131 Turan Kulo\u011flu ile Adalet Bakan Yard\u0131mc\u0131s\u0131 Mehmet Y\u0131lmaz\u2019\u0131n bug\u00fcn bir program nedeniyle yurtd\u0131\u015f\u0131na gidece\u011fi belirtiliyor.<\/p>\n<p class=\"p1\">E\u011fer kararname bug\u00fcn \u00e7\u0131kmazsa, yurtd\u0131\u015f\u0131 program\u0131 nedeniyle kararnamenin haftaya kalabilece\u011fi de\u011ferlendiriliyor.<\/p>\n<p>SONTV HSK\u2019da ki geli\u015fmeleri ad\u0131m ad\u0131m izliyor\u2026<\/p>\n<p>SONTV KUL\u0130S HABER HSK Birinci Dairesi \u00fcyeleri Turan Kulo\u011flu, Mehmet Y\u0131lmaz, Hakan Y\u00fcksel, Havvanur Yurtsever ve Sait \u00d6zdemir \u015fu s\u0131ralar HSK\u2019daki odalar\u0131nda bekliyor. Ba\u015fkan Turan Kulo\u011flu\u2019nun hen\u00fcz \u00fcyelere toplanma \u00e7a\u011fr\u0131s\u0131 yapmad\u0131\u011f\u0131 \u00f6\u011frenildi. Yarg\u0131 kulislerinde \u00f6zellikle \u0130stanbul \u0130l\u00e7e Ba\u015fsavc\u0131l\u0131klar\u0131 i\u00e7in beklenen kararname b\u00fcy\u00fck merak konusu. Edinilen bilgilere g\u00f6re, Daire Ba\u015fkan\u0131 Turan Kulo\u011flu ile Adalet Bakan Yard\u0131mc\u0131s\u0131\u00a0<a href=\"https:\/\/www.son.tv\/hskda-gozler-turan-kuloglunda\/\" target=\"_blank\" class=\"feedzy-rss-link-icon\">Read More<\/a><\/p>","protected":false},"excerpt":{"rendered":"<p>SONTV KUL\u0130S HABER HSK Birinci Dairesi \u00fcyeleri Turan Kulo\u011flu, Mehmet Y\u0131lmaz, Hakan Y\u00fcksel, Havvanur Yurtsever ve Sait \u00d6zdemir \u015fu s\u0131ralar HSK\u2019daki odalar\u0131nda bekliyor. Ba\u015fkan Turan Kulo\u011flu\u2019nun hen\u00fcz \u00fcyelere toplanma \u00e7a\u011fr\u0131s\u0131 yapmad\u0131\u011f\u0131 \u00f6\u011frenildi. Yarg\u0131 kulislerinde \u00f6zellikle \u0130stanbul \u0130l\u00e7e Ba\u015fsavc\u0131l\u0131klar\u0131 i\u00e7in beklenen kararname b\u00fcy\u00fck merak konusu. Edinilen bilgilere g\u00f6re, Daire Ba\u015fkan\u0131 Turan Kulo\u011flu ile Adalet Bakan Yard\u0131mc\u0131s\u0131 [&hellip;]<\/p>\n","protected":false},"author":1,"featured_media":0,"comment_status":"open","ping_status":"open","sticky":false,"template":"","format":"standard","meta":{"footnotes":"","_links_to":"","_links_to_target":""},"categories":[1],"tags":[],"class_list":["post-7057","post","type-post","status-publish","format-standard","hentry","category-haberler"],"_links":{"self":[{"href":"https:\/\/www.abchukuk.com\/index.php\/wp-json\/wp\/v2\/posts\/7057","targetHints":{"allow":["GET"]}}],"collection":[{"href":"https:\/\/www.abchukuk.com\/index.php\/wp-json\/wp\/v2\/posts"}],"about":[{"href":"https:\/\/www.abchukuk.com\/index.php\/wp-json\/wp\/v2\/types\/post"}],"author":[{"embeddable":true,"href":"https:\/\/www.abchukuk.com\/index.php\/wp-json\/wp\/v2\/users\/1"}],"replies":[{"embeddable":true,"href":"https:\/\/www.abchukuk.com\/index.php\/wp-json\/wp\/v2\/comments?post=7057"}],"version-history":[{"count":0,"href":"https:\/\/www.abchukuk.com\/index.php\/wp-json\/wp\/v2\/posts\/7057\/revisions"}],"wp:attachment":[{"href":"https:\/\/www.abchukuk.com\/index.php\/wp-json\/wp\/v2\/media?parent=7057"}],"wp:term":[{"taxonomy":"category","embeddable":true,"href":"https:\/\/www.abchukuk.com\/index.php\/wp-json\/wp\/v2\/categories?post=7057"},{"taxonomy":"post_tag","embeddable":true,"href":"https:\/\/www.abchukuk.com\/index.php\/wp-json\/wp\/v2\/tags?post=7057"}],"curies":[{"name":"wp","href":"https:\/\/api.w.org\/{rel}","templated":true}]}}