{"id":7044,"date":"2025-10-03T06:14:00","date_gmt":"2025-10-03T06:14:00","guid":{"rendered":"https:\/\/www.abchukuk.com\/index.php\/2025\/10\/03\/72-gundur-tutuklu-fatih-altayli-ilk-kez-hakim-karsisina-cikacak-cumhurbaskanini-tehdit-davasinda-5-yil-hapis-istemi\/"},"modified":"2025-10-03T06:14:00","modified_gmt":"2025-10-03T06:14:00","slug":"72-gundur-tutuklu-fatih-altayli-ilk-kez-hakim-karsisina-cikacak-cumhurbaskanini-tehdit-davasinda-5-yil-hapis-istemi","status":"publish","type":"post","link":"https:\/\/www.abchukuk.com\/index.php\/2025\/10\/03\/72-gundur-tutuklu-fatih-altayli-ilk-kez-hakim-karsisina-cikacak-cumhurbaskanini-tehdit-davasinda-5-yil-hapis-istemi\/","title":{"rendered":"72 G\u00fcnd\u00fcr Tutuklu, Fatih Altayl\u0131 \u0130lk Kez Hakim Kar\u015f\u0131s\u0131na \u00c7\u0131kacak, &#8216;Cumhurba\u015fkan\u0131n\u0131 Tehdit&#8217; Davas\u0131nda  5 Y\u0131l Hapis \u0130stemi"},"content":{"rendered":"<p><a href=\"https:\/\/www.gercekgundem.com\/guncel\/72-gundur-tutuklu-fatih-altayli-ilk-kez-hakim-karsisina-cikacak-cumhurbaskanini-tehdit-davasinda-5-yil-hapis-istemi-558024\"><br \/>\n                                                            <img decoding=\"async\" src=\"https:\/\/i.gercekgundem.com\/2\/150\/84\/storage\/files\/images\/2025\/10\/03\/72-gundur-tutuklu-fatih-altayli-ilk-kez-hakim-karsisina-cikacak-cumhurbaskanini-tehdit-davasinda-5-yil-hapis-istemi-qlym.png\" width=\"150\" height=\"84\" border=\"0\" align=\"right\" \/><br \/>\n                                                    <\/a><\/p>\n<h4>Cumhurba\u015fkan\u0131 Erdo\u011fan\u2019a y\u00f6nelik tehdit i\u00e7erdi\u011fi \u00f6ne s\u00fcr\u00fclen ifadeler nedeniyle hakk\u0131nda resen soru\u015fturma ba\u015flat\u0131lan ve tutuklanan gazeteci Fatih Altayl\u0131, bug\u00fcn ilk kez hakim kar\u015f\u0131s\u0131na \u00e7\u0131kacak. Altayl\u0131 hakk\u0131nda \u201cCumhurba\u015fkan\u0131n\u0131 tehdit\u201d su\u00e7lamas\u0131yla en az 5 y\u0131l hapis cezas\u0131 talep ediliyor.<\/h4>\n<p>Cumhurba\u015fkan\u0131 Erdo\u011fan\u2019a y\u00f6nelik tehdit i\u00e7erdi\u011fi \u00f6ne s\u00fcr\u00fclen ifadeler nedeniyle hakk\u0131nda resen soru\u015fturma ba\u015flat\u0131lan ve tutuklanan gazeteci Fatih Altayl\u0131, bug\u00fcn ilk kez hakim kar\u015f\u0131s\u0131na \u00e7\u0131kacak. Altayl\u0131 hakk\u0131nda \u201cCumhurba\u015fkan\u0131n\u0131 tehdit\u201d su\u00e7lamas\u0131yla en az 5 y\u0131l hapis cezas\u0131 talep ediliyor.\u00a0<a href=\"https:\/\/www.gercekgundem.com\/guncel\/72-gundur-tutuklu-fatih-altayli-ilk-kez-hakim-karsisina-cikacak-cumhurbaskanini-tehdit-davasinda-5-yil-hapis-istemi-558024\" target=\"_blank\" class=\"feedzy-rss-link-icon\">Read More<\/a><\/p>","protected":false},"excerpt":{"rendered":"<p>Cumhurba\u015fkan\u0131 Erdo\u011fan\u2019a y\u00f6nelik tehdit i\u00e7erdi\u011fi \u00f6ne s\u00fcr\u00fclen ifadeler nedeniyle hakk\u0131nda resen soru\u015fturma ba\u015flat\u0131lan ve tutuklanan gazeteci Fatih Altayl\u0131, bug\u00fcn ilk kez hakim kar\u015f\u0131s\u0131na \u00e7\u0131kacak. Altayl\u0131 hakk\u0131nda \u201cCumhurba\u015fkan\u0131n\u0131 tehdit\u201d su\u00e7lamas\u0131yla en az 5 y\u0131l hapis cezas\u0131 talep ediliyor. Cumhurba\u015fkan\u0131 Erdo\u011fan\u2019a y\u00f6nelik tehdit i\u00e7erdi\u011fi \u00f6ne s\u00fcr\u00fclen ifadeler nedeniyle hakk\u0131nda resen soru\u015fturma ba\u015flat\u0131lan ve tutuklanan gazeteci Fatih Altayl\u0131, [&hellip;]<\/p>\n","protected":false},"author":1,"featured_media":7045,"comment_status":"open","ping_status":"open","sticky":false,"template":"","format":"standard","meta":{"footnotes":"","_links_to":"","_links_to_target":""},"categories":[1],"tags":[],"class_list":["post-7044","post","type-post","status-publish","format-standard","has-post-thumbnail","hentry","category-haberler"],"_links":{"self":[{"href":"https:\/\/www.abchukuk.com\/index.php\/wp-json\/wp\/v2\/posts\/7044","targetHints":{"allow":["GET"]}}],"collection":[{"href":"https:\/\/www.abchukuk.com\/index.php\/wp-json\/wp\/v2\/posts"}],"about":[{"href":"https:\/\/www.abchukuk.com\/index.php\/wp-json\/wp\/v2\/types\/post"}],"author":[{"embeddable":true,"href":"https:\/\/www.abchukuk.com\/index.php\/wp-json\/wp\/v2\/users\/1"}],"replies":[{"embeddable":true,"href":"https:\/\/www.abchukuk.com\/index.php\/wp-json\/wp\/v2\/comments?post=7044"}],"version-history":[{"count":0,"href":"https:\/\/www.abchukuk.com\/index.php\/wp-json\/wp\/v2\/posts\/7044\/revisions"}],"wp:featuredmedia":[{"embeddable":true,"href":"https:\/\/www.abchukuk.com\/index.php\/wp-json\/wp\/v2\/media\/7045"}],"wp:attachment":[{"href":"https:\/\/www.abchukuk.com\/index.php\/wp-json\/wp\/v2\/media?parent=7044"}],"wp:term":[{"taxonomy":"category","embeddable":true,"href":"https:\/\/www.abchukuk.com\/index.php\/wp-json\/wp\/v2\/categories?post=7044"},{"taxonomy":"post_tag","embeddable":true,"href":"https:\/\/www.abchukuk.com\/index.php\/wp-json\/wp\/v2\/tags?post=7044"}],"curies":[{"name":"wp","href":"https:\/\/api.w.org\/{rel}","templated":true}]}}