{"id":7042,"date":"2025-10-03T06:14:00","date_gmt":"2025-10-03T06:14:00","guid":{"rendered":"https:\/\/www.abchukuk.com\/index.php\/2025\/10\/03\/chpden-ayse-barim-hakkinda-yeniden-tutuklama-karari-verilmesine-pes-pese-tepki-iceride-oldurmek-mi-istiyorsunuz\/"},"modified":"2025-10-03T06:14:00","modified_gmt":"2025-10-03T06:14:00","slug":"chpden-ayse-barim-hakkinda-yeniden-tutuklama-karari-verilmesine-pes-pese-tepki-iceride-oldurmek-mi-istiyorsunuz","status":"publish","type":"post","link":"https:\/\/www.abchukuk.com\/index.php\/2025\/10\/03\/chpden-ayse-barim-hakkinda-yeniden-tutuklama-karari-verilmesine-pes-pese-tepki-iceride-oldurmek-mi-istiyorsunuz\/","title":{"rendered":"CHP&#8217;den, Ay\u015fe Bar\u0131m hakk\u0131nda yeniden tutuklama karar\u0131 verilmesine pe\u015f pe\u015fe tepki: &#8216;\u0130\u00e7eride \u00f6ld\u00fcrmek mi istiyorsunuz?&#8217;"},"content":{"rendered":"<p>Ge\u00e7en g\u00fcnlerde tahliye edilen ve d\u00fcn de tahliye karar\u0131na itiraz edilen menajer Ay\u015fe Bar\u0131m hakk\u0131nda yeniden tutuklama karar\u0131 verildi. S\u00f6z konusu karara, CHP&#8217;den pe\u015f pe\u015fe tepki geldi.Ge\u00e7en g\u00fcnlerde tahliye edilen ve d\u00fcn de tahliye karar\u0131na itiraz edilen menajer Ay\u015fe Bar\u0131m hakk\u0131nda yeniden tutuklama karar\u0131 verildi. S\u00f6z konusu karara, CHP&#8217;den pe\u015f pe\u015fe tepki geldi.\u00a0<a href=\"https:\/\/www.cumhuriyet.com.tr\/siyaset\/chp-den-ayse-barim-hakkinda-yeniden-tutuklama-karari-verilmesine-pes-pese-tepki-iceride-oldurmek-mi-istiyorsunuz-2440314\" target=\"_blank\" class=\"feedzy-rss-link-icon\">Read More<\/a><\/p>","protected":false},"excerpt":{"rendered":"<p>Ge\u00e7en g\u00fcnlerde tahliye edilen ve d\u00fcn de tahliye karar\u0131na itiraz edilen menajer Ay\u015fe Bar\u0131m hakk\u0131nda yeniden tutuklama karar\u0131 verildi. S\u00f6z konusu karara, CHP&#8217;den pe\u015f pe\u015fe tepki geldi.Ge\u00e7en g\u00fcnlerde tahliye edilen ve d\u00fcn de tahliye karar\u0131na itiraz edilen menajer Ay\u015fe Bar\u0131m hakk\u0131nda yeniden tutuklama karar\u0131 verildi. S\u00f6z konusu karara, CHP&#8217;den pe\u015f pe\u015fe tepki geldi.\u00a0Read More<\/p>\n","protected":false},"author":1,"featured_media":7043,"comment_status":"open","ping_status":"open","sticky":false,"template":"","format":"standard","meta":{"footnotes":"","_links_to":"","_links_to_target":""},"categories":[1],"tags":[],"class_list":["post-7042","post","type-post","status-publish","format-standard","has-post-thumbnail","hentry","category-haberler"],"_links":{"self":[{"href":"https:\/\/www.abchukuk.com\/index.php\/wp-json\/wp\/v2\/posts\/7042","targetHints":{"allow":["GET"]}}],"collection":[{"href":"https:\/\/www.abchukuk.com\/index.php\/wp-json\/wp\/v2\/posts"}],"about":[{"href":"https:\/\/www.abchukuk.com\/index.php\/wp-json\/wp\/v2\/types\/post"}],"author":[{"embeddable":true,"href":"https:\/\/www.abchukuk.com\/index.php\/wp-json\/wp\/v2\/users\/1"}],"replies":[{"embeddable":true,"href":"https:\/\/www.abchukuk.com\/index.php\/wp-json\/wp\/v2\/comments?post=7042"}],"version-history":[{"count":0,"href":"https:\/\/www.abchukuk.com\/index.php\/wp-json\/wp\/v2\/posts\/7042\/revisions"}],"wp:featuredmedia":[{"embeddable":true,"href":"https:\/\/www.abchukuk.com\/index.php\/wp-json\/wp\/v2\/media\/7043"}],"wp:attachment":[{"href":"https:\/\/www.abchukuk.com\/index.php\/wp-json\/wp\/v2\/media?parent=7042"}],"wp:term":[{"taxonomy":"category","embeddable":true,"href":"https:\/\/www.abchukuk.com\/index.php\/wp-json\/wp\/v2\/categories?post=7042"},{"taxonomy":"post_tag","embeddable":true,"href":"https:\/\/www.abchukuk.com\/index.php\/wp-json\/wp\/v2\/tags?post=7042"}],"curies":[{"name":"wp","href":"https:\/\/api.w.org\/{rel}","templated":true}]}}