{"id":7026,"date":"2025-10-02T21:52:42","date_gmt":"2025-10-02T21:52:42","guid":{"rendered":"https:\/\/www.abchukuk.com\/index.php\/2025\/10\/02\/menajer-ayse-barim-hakkinda-yeniden-tutuklama-karari\/"},"modified":"2025-10-02T21:52:42","modified_gmt":"2025-10-02T21:52:42","slug":"menajer-ayse-barim-hakkinda-yeniden-tutuklama-karari","status":"publish","type":"post","link":"https:\/\/www.abchukuk.com\/index.php\/2025\/10\/02\/menajer-ayse-barim-hakkinda-yeniden-tutuklama-karari\/","title":{"rendered":"Menajer Ay\u015fe Bar\u0131m hakk\u0131nda yeniden tutuklama karar\u0131"},"content":{"rendered":"<p>Bar\u0131m, 1 Ekim \u00c7ar\u015famba g\u00fcn\u00fc &#8220;konutu terk etmeme&#8221; ve &#8220;yurt d\u0131\u015f\u0131 \u00e7\u0131k\u0131\u015f yasa\u011f\u0131&#8221; \u015feklindeki adli kontrol tedbiriyle tahliye edilmi\u015f, \u0130stanbul Cumhuriyet Ba\u015fsavc\u0131l\u0131\u011f\u0131 karara y\u00f6nelik itirazda bulunmu\u015ftu.Bar\u0131m, 1 Ekim \u00c7ar\u015famba g\u00fcn\u00fc &#8220;konutu terk etmeme&#8221; ve &#8220;yurt d\u0131\u015f\u0131 \u00e7\u0131k\u0131\u015f yasa\u011f\u0131&#8221; \u015feklindeki adli kontrol tedbiriyle tahliye edilmi\u015f, \u0130stanbul Cumhuriyet Ba\u015fsavc\u0131l\u0131\u011f\u0131 karara y\u00f6nelik itirazda bulunmu\u015ftu.\u00a0<a href=\"http:\/\/tr.euronews.com\/2025\/10\/02\/menajer-ayse-barim-hakkinda-yeniden-tutuklama-karari\" target=\"_blank\" class=\"feedzy-rss-link-icon\">Read More<\/a><\/p>","protected":false},"excerpt":{"rendered":"<p>Bar\u0131m, 1 Ekim \u00c7ar\u015famba g\u00fcn\u00fc &#8220;konutu terk etmeme&#8221; ve &#8220;yurt d\u0131\u015f\u0131 \u00e7\u0131k\u0131\u015f yasa\u011f\u0131&#8221; \u015feklindeki adli kontrol tedbiriyle tahliye edilmi\u015f, \u0130stanbul Cumhuriyet Ba\u015fsavc\u0131l\u0131\u011f\u0131 karara y\u00f6nelik itirazda bulunmu\u015ftu.Bar\u0131m, 1 Ekim \u00c7ar\u015famba g\u00fcn\u00fc &#8220;konutu terk etmeme&#8221; ve &#8220;yurt d\u0131\u015f\u0131 \u00e7\u0131k\u0131\u015f yasa\u011f\u0131&#8221; \u015feklindeki adli kontrol tedbiriyle tahliye edilmi\u015f, \u0130stanbul Cumhuriyet Ba\u015fsavc\u0131l\u0131\u011f\u0131 karara y\u00f6nelik itirazda bulunmu\u015ftu.\u00a0Read More<\/p>\n","protected":false},"author":1,"featured_media":0,"comment_status":"open","ping_status":"open","sticky":false,"template":"","format":"standard","meta":{"footnotes":"","_links_to":"","_links_to_target":""},"categories":[1],"tags":[],"class_list":["post-7026","post","type-post","status-publish","format-standard","hentry","category-haberler"],"_links":{"self":[{"href":"https:\/\/www.abchukuk.com\/index.php\/wp-json\/wp\/v2\/posts\/7026","targetHints":{"allow":["GET"]}}],"collection":[{"href":"https:\/\/www.abchukuk.com\/index.php\/wp-json\/wp\/v2\/posts"}],"about":[{"href":"https:\/\/www.abchukuk.com\/index.php\/wp-json\/wp\/v2\/types\/post"}],"author":[{"embeddable":true,"href":"https:\/\/www.abchukuk.com\/index.php\/wp-json\/wp\/v2\/users\/1"}],"replies":[{"embeddable":true,"href":"https:\/\/www.abchukuk.com\/index.php\/wp-json\/wp\/v2\/comments?post=7026"}],"version-history":[{"count":0,"href":"https:\/\/www.abchukuk.com\/index.php\/wp-json\/wp\/v2\/posts\/7026\/revisions"}],"wp:attachment":[{"href":"https:\/\/www.abchukuk.com\/index.php\/wp-json\/wp\/v2\/media?parent=7026"}],"wp:term":[{"taxonomy":"category","embeddable":true,"href":"https:\/\/www.abchukuk.com\/index.php\/wp-json\/wp\/v2\/categories?post=7026"},{"taxonomy":"post_tag","embeddable":true,"href":"https:\/\/www.abchukuk.com\/index.php\/wp-json\/wp\/v2\/tags?post=7026"}],"curies":[{"name":"wp","href":"https:\/\/api.w.org\/{rel}","templated":true}]}}