{"id":7017,"date":"2025-10-02T21:12:00","date_gmt":"2025-10-02T21:12:00","guid":{"rendered":"https:\/\/www.abchukuk.com\/index.php\/2025\/10\/02\/menajer-ayse-barima-yeniden-tutuklama-karari\/"},"modified":"2025-10-02T21:12:00","modified_gmt":"2025-10-02T21:12:00","slug":"menajer-ayse-barima-yeniden-tutuklama-karari","status":"publish","type":"post","link":"https:\/\/www.abchukuk.com\/index.php\/2025\/10\/02\/menajer-ayse-barima-yeniden-tutuklama-karari\/","title":{"rendered":"Menajer Ay\u015fe Bar\u0131m&#8217;a Yeniden Tutuklama Karar\u0131"},"content":{"rendered":"<p><a href=\"https:\/\/www.gercekgundem.com\/guncel\/menajer-ayse-barima-yeniden-tutuklama-karari-558012\"><br \/>\n                                                            <img decoding=\"async\" src=\"https:\/\/i.gercekgundem.com\/2\/150\/84\/storage\/files\/images\/2025\/10\/03\/menajer-ayse-barima-yeniden-tutuklama-karari-32fb.jpg\" width=\"150\" height=\"84\" border=\"0\" align=\"right\" \/><br \/>\n                                                    <\/a><\/p>\n<h4>Menajer Ay\u015fe Bar\u0131m d\u00fcn 247 g\u00fcnl\u00fck tutuklulu\u011funun \u00fczerine tahliye edilmi\u015fti. Bar\u0131m&#8217;\u0131n tutuklulu\u011funa yap\u0131lan itiraz\u0131 27. A\u011f\u0131r Ceza Mahkemesi kabul etti. Bar\u0131m yeniden tutuklanarak cezaevine g\u00f6t\u00fcr\u00fclecek.<\/h4>\n<p>Menajer Ay\u015fe Bar\u0131m d\u00fcn 247 g\u00fcnl\u00fck tutuklulu\u011funun \u00fczerine tahliye edilmi\u015fti. Bar\u0131m&#8217;\u0131n tutuklulu\u011funa yap\u0131lan itiraz\u0131 27. A\u011f\u0131r Ceza Mahkemesi kabul etti. Bar\u0131m yeniden tutuklanarak cezaevine g\u00f6t\u00fcr\u00fclecek.\u00a0<a href=\"https:\/\/www.gercekgundem.com\/guncel\/menajer-ayse-barima-yeniden-tutuklama-karari-558012\" target=\"_blank\" class=\"feedzy-rss-link-icon\">Read More<\/a><\/p>","protected":false},"excerpt":{"rendered":"<p>Menajer Ay\u015fe Bar\u0131m d\u00fcn 247 g\u00fcnl\u00fck tutuklulu\u011funun \u00fczerine tahliye edilmi\u015fti. Bar\u0131m&#8217;\u0131n tutuklulu\u011funa yap\u0131lan itiraz\u0131 27. A\u011f\u0131r Ceza Mahkemesi kabul etti. Bar\u0131m yeniden tutuklanarak cezaevine g\u00f6t\u00fcr\u00fclecek. Menajer Ay\u015fe Bar\u0131m d\u00fcn 247 g\u00fcnl\u00fck tutuklulu\u011funun \u00fczerine tahliye edilmi\u015fti. Bar\u0131m&#8217;\u0131n tutuklulu\u011funa yap\u0131lan itiraz\u0131 27. A\u011f\u0131r Ceza Mahkemesi kabul etti. Bar\u0131m yeniden tutuklanarak cezaevine g\u00f6t\u00fcr\u00fclecek.\u00a0Read More<\/p>\n","protected":false},"author":1,"featured_media":7018,"comment_status":"open","ping_status":"open","sticky":false,"template":"","format":"standard","meta":{"footnotes":"","_links_to":"","_links_to_target":""},"categories":[1],"tags":[],"class_list":["post-7017","post","type-post","status-publish","format-standard","has-post-thumbnail","hentry","category-haberler"],"_links":{"self":[{"href":"https:\/\/www.abchukuk.com\/index.php\/wp-json\/wp\/v2\/posts\/7017","targetHints":{"allow":["GET"]}}],"collection":[{"href":"https:\/\/www.abchukuk.com\/index.php\/wp-json\/wp\/v2\/posts"}],"about":[{"href":"https:\/\/www.abchukuk.com\/index.php\/wp-json\/wp\/v2\/types\/post"}],"author":[{"embeddable":true,"href":"https:\/\/www.abchukuk.com\/index.php\/wp-json\/wp\/v2\/users\/1"}],"replies":[{"embeddable":true,"href":"https:\/\/www.abchukuk.com\/index.php\/wp-json\/wp\/v2\/comments?post=7017"}],"version-history":[{"count":0,"href":"https:\/\/www.abchukuk.com\/index.php\/wp-json\/wp\/v2\/posts\/7017\/revisions"}],"wp:featuredmedia":[{"embeddable":true,"href":"https:\/\/www.abchukuk.com\/index.php\/wp-json\/wp\/v2\/media\/7018"}],"wp:attachment":[{"href":"https:\/\/www.abchukuk.com\/index.php\/wp-json\/wp\/v2\/media?parent=7017"}],"wp:term":[{"taxonomy":"category","embeddable":true,"href":"https:\/\/www.abchukuk.com\/index.php\/wp-json\/wp\/v2\/categories?post=7017"},{"taxonomy":"post_tag","embeddable":true,"href":"https:\/\/www.abchukuk.com\/index.php\/wp-json\/wp\/v2\/tags?post=7017"}],"curies":[{"name":"wp","href":"https:\/\/api.w.org\/{rel}","templated":true}]}}