{"id":7012,"date":"2025-10-02T21:42:00","date_gmt":"2025-10-02T21:42:00","guid":{"rendered":"https:\/\/www.abchukuk.com\/index.php\/2025\/10\/02\/narin-guran-cinayetinde-tahliye-olan-3-kisi-narinin-mezarini-ziyaret-etti-adalet-istiyoruz-baska-bir-sey-istemiyoruz\/"},"modified":"2025-10-02T21:42:00","modified_gmt":"2025-10-02T21:42:00","slug":"narin-guran-cinayetinde-tahliye-olan-3-kisi-narinin-mezarini-ziyaret-etti-adalet-istiyoruz-baska-bir-sey-istemiyoruz","status":"publish","type":"post","link":"https:\/\/www.abchukuk.com\/index.php\/2025\/10\/02\/narin-guran-cinayetinde-tahliye-olan-3-kisi-narinin-mezarini-ziyaret-etti-adalet-istiyoruz-baska-bir-sey-istemiyoruz\/","title":{"rendered":"Narin G\u00fcran cinayetinde tahliye olan 3 ki\u015fi Narin&#8217;in mezar\u0131n\u0131 ziyaret etti: &#8216;Adalet istiyoruz ba\u015fka bir \u015fey istemiyoruz&#8217;"},"content":{"rendered":"<p>Narin G\u00fcran cinayeti davas\u0131nda, &#8216;su\u00e7luyu kay\u0131rma&#8217; su\u00e7undan 3 y\u0131l 6 ay hapis cezas\u0131 verilen tutuklu san\u0131klar Birsen, Fuat ve Ma\u015fallah G\u00fcran tahliye edildi. G\u00fcran ailesi fertleri tahliye sonras\u0131 Narin G\u00fcran&#8217;\u0131n mezar\u0131n\u0131 ziyaret etti.Narin G\u00fcran cinayeti davas\u0131nda, &#8216;su\u00e7luyu kay\u0131rma&#8217; su\u00e7undan 3 y\u0131l 6 ay hapis cezas\u0131 verilen tutuklu san\u0131klar Birsen, Fuat ve Ma\u015fallah G\u00fcran tahliye edildi. G\u00fcran ailesi fertleri tahliye sonras\u0131 Narin G\u00fcran&#8217;\u0131n mezar\u0131n\u0131 ziyaret etti.\u00a0<a href=\"https:\/\/anlatilaninotesi.com.tr\/20251003\/narin-guran-cinayetinde-tahliye-olan-3-kisi-narinin-mezarini-ziyaret-etti-adalet-istiyoruz-baska-1099866770.html\" target=\"_blank\" class=\"feedzy-rss-link-icon\">Read More<\/a><\/p>","protected":false},"excerpt":{"rendered":"<p>Narin G\u00fcran cinayeti davas\u0131nda, &#8216;su\u00e7luyu kay\u0131rma&#8217; su\u00e7undan 3 y\u0131l 6 ay hapis cezas\u0131 verilen tutuklu san\u0131klar Birsen, Fuat ve Ma\u015fallah G\u00fcran tahliye edildi. G\u00fcran ailesi fertleri tahliye sonras\u0131 Narin G\u00fcran&#8217;\u0131n mezar\u0131n\u0131 ziyaret etti.Narin G\u00fcran cinayeti davas\u0131nda, &#8216;su\u00e7luyu kay\u0131rma&#8217; su\u00e7undan 3 y\u0131l 6 ay hapis cezas\u0131 verilen tutuklu san\u0131klar Birsen, Fuat ve Ma\u015fallah G\u00fcran tahliye edildi. [&hellip;]<\/p>\n","protected":false},"author":1,"featured_media":0,"comment_status":"open","ping_status":"open","sticky":false,"template":"","format":"standard","meta":{"footnotes":"","_links_to":"","_links_to_target":""},"categories":[1],"tags":[],"class_list":["post-7012","post","type-post","status-publish","format-standard","hentry","category-haberler"],"_links":{"self":[{"href":"https:\/\/www.abchukuk.com\/index.php\/wp-json\/wp\/v2\/posts\/7012","targetHints":{"allow":["GET"]}}],"collection":[{"href":"https:\/\/www.abchukuk.com\/index.php\/wp-json\/wp\/v2\/posts"}],"about":[{"href":"https:\/\/www.abchukuk.com\/index.php\/wp-json\/wp\/v2\/types\/post"}],"author":[{"embeddable":true,"href":"https:\/\/www.abchukuk.com\/index.php\/wp-json\/wp\/v2\/users\/1"}],"replies":[{"embeddable":true,"href":"https:\/\/www.abchukuk.com\/index.php\/wp-json\/wp\/v2\/comments?post=7012"}],"version-history":[{"count":0,"href":"https:\/\/www.abchukuk.com\/index.php\/wp-json\/wp\/v2\/posts\/7012\/revisions"}],"wp:attachment":[{"href":"https:\/\/www.abchukuk.com\/index.php\/wp-json\/wp\/v2\/media?parent=7012"}],"wp:term":[{"taxonomy":"category","embeddable":true,"href":"https:\/\/www.abchukuk.com\/index.php\/wp-json\/wp\/v2\/categories?post=7012"},{"taxonomy":"post_tag","embeddable":true,"href":"https:\/\/www.abchukuk.com\/index.php\/wp-json\/wp\/v2\/tags?post=7012"}],"curies":[{"name":"wp","href":"https:\/\/api.w.org\/{rel}","templated":true}]}}