{"id":7011,"date":"2025-10-02T21:44:28","date_gmt":"2025-10-02T21:44:28","guid":{"rendered":"https:\/\/www.abchukuk.com\/index.php\/2025\/10\/02\/menajer-ayse-barim-hakkinda-yeniden-tutuklama-karari-verildi\/"},"modified":"2025-10-02T21:44:28","modified_gmt":"2025-10-02T21:44:28","slug":"menajer-ayse-barim-hakkinda-yeniden-tutuklama-karari-verildi","status":"publish","type":"post","link":"https:\/\/www.abchukuk.com\/index.php\/2025\/10\/02\/menajer-ayse-barim-hakkinda-yeniden-tutuklama-karari-verildi\/","title":{"rendered":"Menajer Ay\u015fe Bar\u0131m hakk\u0131nda yeniden tutuklama karar\u0131 verildi"},"content":{"rendered":"<p>\u0130stanbul 26. A\u011f\u0131r Ceza Mahkemesi, Ay\u015fe Bar\u0131m&#8217;\u0131 sa\u011fl\u0131k durumu ve tutukluluk s\u00fcresi g\u00f6z \u00f6n\u00fcnde bulundurarak adli kontrol \u015fart\u0131yla tahliye etmi\u015fti. Ancak \u0130stanbul Cumhuriyet Ba\u015fsavc\u0131l\u0131\u011f\u0131 itiraz\u0131n\u0131n ard\u0131ndan Bar\u0131m hakk\u0131nda yeniden tutuklama karar\u0131 verildi.\u0130stanbul 26. A\u011f\u0131r Ceza Mahkemesi, Ay\u015fe Bar\u0131m&#8217;\u0131 sa\u011fl\u0131k durumu ve tutukluluk s\u00fcresi g\u00f6z \u00f6n\u00fcnde bulundurarak adli kontrol \u015fart\u0131yla tahliye etmi\u015fti. Ancak \u0130stanbul Cumhuriyet Ba\u015fsavc\u0131l\u0131\u011f\u0131 itiraz\u0131n\u0131n ard\u0131ndan Bar\u0131m hakk\u0131nda yeniden tutuklama karar\u0131 verildi.\u00a0<a href=\"https:\/\/anlatilaninotesi.com.tr\/20251003\/menajer-ayse-barim-hakkinda-yeniden-tutuklama-karari-verildi-1099867826.html\" target=\"_blank\" class=\"feedzy-rss-link-icon\">Read More<\/a><\/p>","protected":false},"excerpt":{"rendered":"<p>\u0130stanbul 26. A\u011f\u0131r Ceza Mahkemesi, Ay\u015fe Bar\u0131m&#8217;\u0131 sa\u011fl\u0131k durumu ve tutukluluk s\u00fcresi g\u00f6z \u00f6n\u00fcnde bulundurarak adli kontrol \u015fart\u0131yla tahliye etmi\u015fti. Ancak \u0130stanbul Cumhuriyet Ba\u015fsavc\u0131l\u0131\u011f\u0131 itiraz\u0131n\u0131n ard\u0131ndan Bar\u0131m hakk\u0131nda yeniden tutuklama karar\u0131 verildi.\u0130stanbul 26. A\u011f\u0131r Ceza Mahkemesi, Ay\u015fe Bar\u0131m&#8217;\u0131 sa\u011fl\u0131k durumu ve tutukluluk s\u00fcresi g\u00f6z \u00f6n\u00fcnde bulundurarak adli kontrol \u015fart\u0131yla tahliye etmi\u015fti. Ancak \u0130stanbul Cumhuriyet Ba\u015fsavc\u0131l\u0131\u011f\u0131 [&hellip;]<\/p>\n","protected":false},"author":1,"featured_media":0,"comment_status":"open","ping_status":"open","sticky":false,"template":"","format":"standard","meta":{"footnotes":"","_links_to":"","_links_to_target":""},"categories":[1],"tags":[],"class_list":["post-7011","post","type-post","status-publish","format-standard","hentry","category-haberler"],"_links":{"self":[{"href":"https:\/\/www.abchukuk.com\/index.php\/wp-json\/wp\/v2\/posts\/7011","targetHints":{"allow":["GET"]}}],"collection":[{"href":"https:\/\/www.abchukuk.com\/index.php\/wp-json\/wp\/v2\/posts"}],"about":[{"href":"https:\/\/www.abchukuk.com\/index.php\/wp-json\/wp\/v2\/types\/post"}],"author":[{"embeddable":true,"href":"https:\/\/www.abchukuk.com\/index.php\/wp-json\/wp\/v2\/users\/1"}],"replies":[{"embeddable":true,"href":"https:\/\/www.abchukuk.com\/index.php\/wp-json\/wp\/v2\/comments?post=7011"}],"version-history":[{"count":0,"href":"https:\/\/www.abchukuk.com\/index.php\/wp-json\/wp\/v2\/posts\/7011\/revisions"}],"wp:attachment":[{"href":"https:\/\/www.abchukuk.com\/index.php\/wp-json\/wp\/v2\/media?parent=7011"}],"wp:term":[{"taxonomy":"category","embeddable":true,"href":"https:\/\/www.abchukuk.com\/index.php\/wp-json\/wp\/v2\/categories?post=7011"},{"taxonomy":"post_tag","embeddable":true,"href":"https:\/\/www.abchukuk.com\/index.php\/wp-json\/wp\/v2\/tags?post=7011"}],"curies":[{"name":"wp","href":"https:\/\/api.w.org\/{rel}","templated":true}]}}