{"id":7009,"date":"2025-10-02T13:37:53","date_gmt":"2025-10-02T13:37:53","guid":{"rendered":"https:\/\/www.abchukuk.com\/index.php\/2025\/10\/02\/sucluyu-kayirma-davasinda-tutuklu-kalmadi\/"},"modified":"2025-10-02T13:37:53","modified_gmt":"2025-10-02T13:37:53","slug":"sucluyu-kayirma-davasinda-tutuklu-kalmadi","status":"publish","type":"post","link":"https:\/\/www.abchukuk.com\/index.php\/2025\/10\/02\/sucluyu-kayirma-davasinda-tutuklu-kalmadi\/","title":{"rendered":"&#8216;Su\u00e7luyu kay\u0131rma&#8217; davas\u0131nda tutuklu kalmad\u0131"},"content":{"rendered":"<p>\u0130stinaf mahkemesi, Narin G\u00fcran cinayetine ili\u015fkin \u2018Su\u00e7luyu kay\u0131rma\u2019 su\u00e7undan tutuklu yarg\u0131land\u0131klar\u0131 davada 3,5 y\u0131l hapis cezas\u0131na \u00e7arpt\u0131r\u0131lan Birsen, Fuat ve Ma\u015fallah G\u00fcran\u2019\u0131n tahliyelerine karar verdi. B\u00f6ylece, \u2018Su\u00e7luyu kay\u0131rma\u2019 davas\u0131nda tutuklu kalmad\u0131\u0130stinaf mahkemesi, Narin G\u00fcran cinayetine ili\u015fkin \u2018Su\u00e7luyu kay\u0131rma\u2019 su\u00e7undan tutuklu yarg\u0131land\u0131klar\u0131 davada 3,5 y\u0131l hapis cezas\u0131na \u00e7arpt\u0131r\u0131lan Birsen, Fuat ve Ma\u015fallah G\u00fcran\u2019\u0131n tahliyelerine karar verdi. B\u00f6ylece, \u2018Su\u00e7luyu kay\u0131rma\u2019 davas\u0131nda tutuklu kalmad\u0131\u00a0<a href=\"https:\/\/www.haberturk.com\/narin-cinayetinde-sucluyu-kayirma-davasinda-tutuklu-sanik-kalmadi-3827129\" target=\"_blank\" class=\"feedzy-rss-link-icon\">Read More<\/a><\/p>","protected":false},"excerpt":{"rendered":"<p>\u0130stinaf mahkemesi, Narin G\u00fcran cinayetine ili\u015fkin \u2018Su\u00e7luyu kay\u0131rma\u2019 su\u00e7undan tutuklu yarg\u0131land\u0131klar\u0131 davada 3,5 y\u0131l hapis cezas\u0131na \u00e7arpt\u0131r\u0131lan Birsen, Fuat ve Ma\u015fallah G\u00fcran\u2019\u0131n tahliyelerine karar verdi. B\u00f6ylece, \u2018Su\u00e7luyu kay\u0131rma\u2019 davas\u0131nda tutuklu kalmad\u0131\u0130stinaf mahkemesi, Narin G\u00fcran cinayetine ili\u015fkin \u2018Su\u00e7luyu kay\u0131rma\u2019 su\u00e7undan tutuklu yarg\u0131land\u0131klar\u0131 davada 3,5 y\u0131l hapis cezas\u0131na \u00e7arpt\u0131r\u0131lan Birsen, Fuat ve Ma\u015fallah G\u00fcran\u2019\u0131n tahliyelerine karar verdi. [&hellip;]<\/p>\n","protected":false},"author":1,"featured_media":0,"comment_status":"open","ping_status":"open","sticky":false,"template":"","format":"standard","meta":{"footnotes":"","_links_to":"","_links_to_target":""},"categories":[1],"tags":[],"class_list":["post-7009","post","type-post","status-publish","format-standard","hentry","category-haberler"],"_links":{"self":[{"href":"https:\/\/www.abchukuk.com\/index.php\/wp-json\/wp\/v2\/posts\/7009","targetHints":{"allow":["GET"]}}],"collection":[{"href":"https:\/\/www.abchukuk.com\/index.php\/wp-json\/wp\/v2\/posts"}],"about":[{"href":"https:\/\/www.abchukuk.com\/index.php\/wp-json\/wp\/v2\/types\/post"}],"author":[{"embeddable":true,"href":"https:\/\/www.abchukuk.com\/index.php\/wp-json\/wp\/v2\/users\/1"}],"replies":[{"embeddable":true,"href":"https:\/\/www.abchukuk.com\/index.php\/wp-json\/wp\/v2\/comments?post=7009"}],"version-history":[{"count":0,"href":"https:\/\/www.abchukuk.com\/index.php\/wp-json\/wp\/v2\/posts\/7009\/revisions"}],"wp:attachment":[{"href":"https:\/\/www.abchukuk.com\/index.php\/wp-json\/wp\/v2\/media?parent=7009"}],"wp:term":[{"taxonomy":"category","embeddable":true,"href":"https:\/\/www.abchukuk.com\/index.php\/wp-json\/wp\/v2\/categories?post=7009"},{"taxonomy":"post_tag","embeddable":true,"href":"https:\/\/www.abchukuk.com\/index.php\/wp-json\/wp\/v2\/tags?post=7009"}],"curies":[{"name":"wp","href":"https:\/\/api.w.org\/{rel}","templated":true}]}}