{"id":7005,"date":"2025-10-02T19:08:00","date_gmt":"2025-10-02T19:08:00","guid":{"rendered":"https:\/\/www.abchukuk.com\/index.php\/2025\/10\/02\/filistine-destek-eylemine-polis-mudahalesi-cok-sayida-kisi-gozaltina-alindi\/"},"modified":"2025-10-02T19:08:00","modified_gmt":"2025-10-02T19:08:00","slug":"filistine-destek-eylemine-polis-mudahalesi-cok-sayida-kisi-gozaltina-alindi","status":"publish","type":"post","link":"https:\/\/www.abchukuk.com\/index.php\/2025\/10\/02\/filistine-destek-eylemine-polis-mudahalesi-cok-sayida-kisi-gozaltina-alindi\/","title":{"rendered":"Filistin&#8217;e destek eylemine polis m\u00fcdahalesi: \u00c7ok say\u0131da ki\u015fi g\u00f6zalt\u0131na al\u0131nd\u0131"},"content":{"rendered":"<p>Ankara Emek ve Demokrasi G\u00fc\u00e7leri&#8217;nin \u0130srail&#8217;in Sumud Filosu&#8217;na y\u00f6nelik m\u00fcdahalesini protesto eylemine polis m\u00fcdahale etti. \u00c7ok say\u0131da ki\u015fi g\u00f6zalt\u0131na al\u0131n\u0131rken, gazetecilerin g\u00f6r\u00fcnt\u00fc almas\u0131 engellenmeye \u00e7al\u0131\u015f\u0131ld\u0131.Ankara Emek ve Demokrasi G\u00fc\u00e7leri&#8217;nin \u0130srail&#8217;in Sumud Filosu&#8217;na y\u00f6nelik m\u00fcdahalesini protesto eylemine polis m\u00fcdahale etti. \u00c7ok say\u0131da ki\u015fi g\u00f6zalt\u0131na al\u0131n\u0131rken, gazetecilerin g\u00f6r\u00fcnt\u00fc almas\u0131 engellenmeye \u00e7al\u0131\u015f\u0131ld\u0131.\u00a0<a href=\"https:\/\/www.cumhuriyet.com.tr\/turkiye\/filistin-e-destek-eylemine-polis-mudahalesi-cok-sayida-kisi-gozaltina-alindi-2440261\" target=\"_blank\" class=\"feedzy-rss-link-icon\">Read More<\/a><\/p>","protected":false},"excerpt":{"rendered":"<p>Ankara Emek ve Demokrasi G\u00fc\u00e7leri&#8217;nin \u0130srail&#8217;in Sumud Filosu&#8217;na y\u00f6nelik m\u00fcdahalesini protesto eylemine polis m\u00fcdahale etti. \u00c7ok say\u0131da ki\u015fi g\u00f6zalt\u0131na al\u0131n\u0131rken, gazetecilerin g\u00f6r\u00fcnt\u00fc almas\u0131 engellenmeye \u00e7al\u0131\u015f\u0131ld\u0131.Ankara Emek ve Demokrasi G\u00fc\u00e7leri&#8217;nin \u0130srail&#8217;in Sumud Filosu&#8217;na y\u00f6nelik m\u00fcdahalesini protesto eylemine polis m\u00fcdahale etti. \u00c7ok say\u0131da ki\u015fi g\u00f6zalt\u0131na al\u0131n\u0131rken, gazetecilerin g\u00f6r\u00fcnt\u00fc almas\u0131 engellenmeye \u00e7al\u0131\u015f\u0131ld\u0131.\u00a0Read More<\/p>\n","protected":false},"author":1,"featured_media":7006,"comment_status":"open","ping_status":"open","sticky":false,"template":"","format":"standard","meta":{"footnotes":"","_links_to":"","_links_to_target":""},"categories":[1],"tags":[],"class_list":["post-7005","post","type-post","status-publish","format-standard","has-post-thumbnail","hentry","category-haberler"],"_links":{"self":[{"href":"https:\/\/www.abchukuk.com\/index.php\/wp-json\/wp\/v2\/posts\/7005","targetHints":{"allow":["GET"]}}],"collection":[{"href":"https:\/\/www.abchukuk.com\/index.php\/wp-json\/wp\/v2\/posts"}],"about":[{"href":"https:\/\/www.abchukuk.com\/index.php\/wp-json\/wp\/v2\/types\/post"}],"author":[{"embeddable":true,"href":"https:\/\/www.abchukuk.com\/index.php\/wp-json\/wp\/v2\/users\/1"}],"replies":[{"embeddable":true,"href":"https:\/\/www.abchukuk.com\/index.php\/wp-json\/wp\/v2\/comments?post=7005"}],"version-history":[{"count":0,"href":"https:\/\/www.abchukuk.com\/index.php\/wp-json\/wp\/v2\/posts\/7005\/revisions"}],"wp:featuredmedia":[{"embeddable":true,"href":"https:\/\/www.abchukuk.com\/index.php\/wp-json\/wp\/v2\/media\/7006"}],"wp:attachment":[{"href":"https:\/\/www.abchukuk.com\/index.php\/wp-json\/wp\/v2\/media?parent=7005"}],"wp:term":[{"taxonomy":"category","embeddable":true,"href":"https:\/\/www.abchukuk.com\/index.php\/wp-json\/wp\/v2\/categories?post=7005"},{"taxonomy":"post_tag","embeddable":true,"href":"https:\/\/www.abchukuk.com\/index.php\/wp-json\/wp\/v2\/tags?post=7005"}],"curies":[{"name":"wp","href":"https:\/\/api.w.org\/{rel}","templated":true}]}}