{"id":6997,"date":"2025-10-02T15:59:00","date_gmt":"2025-10-02T15:59:00","guid":{"rendered":"https:\/\/www.abchukuk.com\/index.php\/2025\/10\/02\/silifkedeki-orman-yanginina-iliskin-4u-tutuklu-7-sanik-hakim-karsisinda\/"},"modified":"2025-10-02T15:59:00","modified_gmt":"2025-10-02T15:59:00","slug":"silifkedeki-orman-yanginina-iliskin-4u-tutuklu-7-sanik-hakim-karsisinda","status":"publish","type":"post","link":"https:\/\/www.abchukuk.com\/index.php\/2025\/10\/02\/silifkedeki-orman-yanginina-iliskin-4u-tutuklu-7-sanik-hakim-karsisinda\/","title":{"rendered":"Silifke&#8217;deki orman yang\u0131n\u0131na ili\u015fkin 4&#8217;\u00fc tutuklu 7 san\u0131k hakim kar\u015f\u0131s\u0131nda"},"content":{"rendered":"<p>Mersin&#8217;in Silifke il\u00e7esinde 13 A\u011fustos&#8217;ta su borusu d\u00f6\u015ferken yap\u0131lan kaynak \u00e7al\u0131\u015fmas\u0131 s\u0131ras\u0131nda \u00e7\u0131kan orman yang\u0131n\u0131na ili\u015fkin 4&#8217;\u00fc tutuklu 7 san\u0131\u011f\u0131n &#8216;taksirle orman yang\u0131n\u0131na neden olma&#8217; su\u00e7undan 10 y\u0131la kadar hapis cezas\u0131 istemiyle yarg\u0131lanmas\u0131na ba\u015fland\u0131.Mersin&#8217;in Silifke il\u00e7esinde 13 A\u011fustos&#8217;ta su borusu d\u00f6\u015ferken yap\u0131lan kaynak \u00e7al\u0131\u015fmas\u0131 s\u0131ras\u0131nda \u00e7\u0131kan orman yang\u0131n\u0131na ili\u015fkin 4&#8217;\u00fc tutuklu 7 san\u0131\u011f\u0131n &#8216;taksirle orman yang\u0131n\u0131na neden olma&#8217; su\u00e7undan 10 y\u0131la kadar hapis cezas\u0131 istemiyle yarg\u0131lanmas\u0131na ba\u015fland\u0131.\u00a0<a href=\"https:\/\/www.cumhuriyet.com.tr\/turkiye\/silifke-deki-orman-yanginina-iliskin-4-u-tutuklu-7-sanik-hakim-karsisinda-2440234\" target=\"_blank\" class=\"feedzy-rss-link-icon\">Read More<\/a><\/p>","protected":false},"excerpt":{"rendered":"<p>Mersin&#8217;in Silifke il\u00e7esinde 13 A\u011fustos&#8217;ta su borusu d\u00f6\u015ferken yap\u0131lan kaynak \u00e7al\u0131\u015fmas\u0131 s\u0131ras\u0131nda \u00e7\u0131kan orman yang\u0131n\u0131na ili\u015fkin 4&#8217;\u00fc tutuklu 7 san\u0131\u011f\u0131n &#8216;taksirle orman yang\u0131n\u0131na neden olma&#8217; su\u00e7undan 10 y\u0131la kadar hapis cezas\u0131 istemiyle yarg\u0131lanmas\u0131na ba\u015fland\u0131.Mersin&#8217;in Silifke il\u00e7esinde 13 A\u011fustos&#8217;ta su borusu d\u00f6\u015ferken yap\u0131lan kaynak \u00e7al\u0131\u015fmas\u0131 s\u0131ras\u0131nda \u00e7\u0131kan orman yang\u0131n\u0131na ili\u015fkin 4&#8217;\u00fc tutuklu 7 san\u0131\u011f\u0131n &#8216;taksirle orman [&hellip;]<\/p>\n","protected":false},"author":1,"featured_media":6998,"comment_status":"open","ping_status":"open","sticky":false,"template":"","format":"standard","meta":{"footnotes":"","_links_to":"","_links_to_target":""},"categories":[1],"tags":[],"class_list":["post-6997","post","type-post","status-publish","format-standard","has-post-thumbnail","hentry","category-haberler"],"_links":{"self":[{"href":"https:\/\/www.abchukuk.com\/index.php\/wp-json\/wp\/v2\/posts\/6997","targetHints":{"allow":["GET"]}}],"collection":[{"href":"https:\/\/www.abchukuk.com\/index.php\/wp-json\/wp\/v2\/posts"}],"about":[{"href":"https:\/\/www.abchukuk.com\/index.php\/wp-json\/wp\/v2\/types\/post"}],"author":[{"embeddable":true,"href":"https:\/\/www.abchukuk.com\/index.php\/wp-json\/wp\/v2\/users\/1"}],"replies":[{"embeddable":true,"href":"https:\/\/www.abchukuk.com\/index.php\/wp-json\/wp\/v2\/comments?post=6997"}],"version-history":[{"count":0,"href":"https:\/\/www.abchukuk.com\/index.php\/wp-json\/wp\/v2\/posts\/6997\/revisions"}],"wp:featuredmedia":[{"embeddable":true,"href":"https:\/\/www.abchukuk.com\/index.php\/wp-json\/wp\/v2\/media\/6998"}],"wp:attachment":[{"href":"https:\/\/www.abchukuk.com\/index.php\/wp-json\/wp\/v2\/media?parent=6997"}],"wp:term":[{"taxonomy":"category","embeddable":true,"href":"https:\/\/www.abchukuk.com\/index.php\/wp-json\/wp\/v2\/categories?post=6997"},{"taxonomy":"post_tag","embeddable":true,"href":"https:\/\/www.abchukuk.com\/index.php\/wp-json\/wp\/v2\/tags?post=6997"}],"curies":[{"name":"wp","href":"https:\/\/api.w.org\/{rel}","templated":true}]}}