{"id":6989,"date":"2025-10-02T14:33:00","date_gmt":"2025-10-02T14:33:00","guid":{"rendered":"https:\/\/www.abchukuk.com\/index.php\/2025\/10\/02\/chpli-belediyenin-itirazi-kabul-edildi-yargi-ozlem-cerciogluna-dur-dedi\/"},"modified":"2025-10-02T14:33:00","modified_gmt":"2025-10-02T14:33:00","slug":"chpli-belediyenin-itirazi-kabul-edildi-yargi-ozlem-cerciogluna-dur-dedi","status":"publish","type":"post","link":"https:\/\/www.abchukuk.com\/index.php\/2025\/10\/02\/chpli-belediyenin-itirazi-kabul-edildi-yargi-ozlem-cerciogluna-dur-dedi\/","title":{"rendered":"CHP&#8217;li Belediyenin \u0130tiraz\u0131 Kabul Edildi, Yarg\u0131 \u00d6zlem \u00c7er\u00e7io\u011flu&#8217;na &#8216;Dur&#8217; Dedi"},"content":{"rendered":"<p><a href=\"https:\/\/www.gercekgundem.com\/siyaset\/chpli-belediyenin-itirazi-kabul-edildi-yargi-ozlem-cerciogluna-dur-dedi-557992\"><br \/>\n                                                            <img decoding=\"async\" src=\"https:\/\/i.gercekgundem.com\/2\/150\/84\/storage\/files\/images\/2025\/10\/02\/chpli-belediyenin-itirazi-kabul-edildi-yargi-ozlem-cerciogluna-dur-dedi-tcq8.jpg\" width=\"150\" height=\"84\" border=\"0\" align=\"right\" \/><br \/>\n                                                    <\/a><\/p>\n<h4>AKP&#8217;li \u00d6zlem \u00c7er\u00e7io\u011flu&#8217;nun y\u00f6netimindeki Ayd\u0131n B\u00fcy\u00fck\u015fehir Belediyesi&#8217;nin Ku\u015fadas\u0131 Belediyesi\u2019nin \u00e7\u00f6z\u00fcm merkezi olan G\u00fcvercin Masa ve Kentli Hizmet Servisi\u2019nin oldu\u011fu zemin kat i\u00e7in ba\u015flatt\u0131\u011f\u0131 tahliye s\u00fcrecine yarg\u0131 &#8216;dur&#8217; dedi.<\/h4>\n<p>AKP&#8217;li \u00d6zlem \u00c7er\u00e7io\u011flu&#8217;nun y\u00f6netimindeki Ayd\u0131n B\u00fcy\u00fck\u015fehir Belediyesi&#8217;nin Ku\u015fadas\u0131 Belediyesi\u2019nin \u00e7\u00f6z\u00fcm merkezi olan G\u00fcvercin Masa ve Kentli Hizmet Servisi\u2019nin oldu\u011fu zemin kat i\u00e7in ba\u015flatt\u0131\u011f\u0131 tahliye s\u00fcrecine yarg\u0131 &#8216;dur&#8217; dedi.\u00a0<a href=\"https:\/\/www.gercekgundem.com\/siyaset\/chpli-belediyenin-itirazi-kabul-edildi-yargi-ozlem-cerciogluna-dur-dedi-557992\" target=\"_blank\" class=\"feedzy-rss-link-icon\">Read More<\/a><\/p>","protected":false},"excerpt":{"rendered":"<p>AKP&#8217;li \u00d6zlem \u00c7er\u00e7io\u011flu&#8217;nun y\u00f6netimindeki Ayd\u0131n B\u00fcy\u00fck\u015fehir Belediyesi&#8217;nin Ku\u015fadas\u0131 Belediyesi\u2019nin \u00e7\u00f6z\u00fcm merkezi olan G\u00fcvercin Masa ve Kentli Hizmet Servisi\u2019nin oldu\u011fu zemin kat i\u00e7in ba\u015flatt\u0131\u011f\u0131 tahliye s\u00fcrecine yarg\u0131 &#8216;dur&#8217; dedi. AKP&#8217;li \u00d6zlem \u00c7er\u00e7io\u011flu&#8217;nun y\u00f6netimindeki Ayd\u0131n B\u00fcy\u00fck\u015fehir Belediyesi&#8217;nin Ku\u015fadas\u0131 Belediyesi\u2019nin \u00e7\u00f6z\u00fcm merkezi olan G\u00fcvercin Masa ve Kentli Hizmet Servisi\u2019nin oldu\u011fu zemin kat i\u00e7in ba\u015flatt\u0131\u011f\u0131 tahliye s\u00fcrecine yarg\u0131 &#8216;dur&#8217; [&hellip;]<\/p>\n","protected":false},"author":1,"featured_media":6990,"comment_status":"open","ping_status":"open","sticky":false,"template":"","format":"standard","meta":{"footnotes":"","_links_to":"","_links_to_target":""},"categories":[1],"tags":[],"class_list":["post-6989","post","type-post","status-publish","format-standard","has-post-thumbnail","hentry","category-haberler"],"_links":{"self":[{"href":"https:\/\/www.abchukuk.com\/index.php\/wp-json\/wp\/v2\/posts\/6989","targetHints":{"allow":["GET"]}}],"collection":[{"href":"https:\/\/www.abchukuk.com\/index.php\/wp-json\/wp\/v2\/posts"}],"about":[{"href":"https:\/\/www.abchukuk.com\/index.php\/wp-json\/wp\/v2\/types\/post"}],"author":[{"embeddable":true,"href":"https:\/\/www.abchukuk.com\/index.php\/wp-json\/wp\/v2\/users\/1"}],"replies":[{"embeddable":true,"href":"https:\/\/www.abchukuk.com\/index.php\/wp-json\/wp\/v2\/comments?post=6989"}],"version-history":[{"count":0,"href":"https:\/\/www.abchukuk.com\/index.php\/wp-json\/wp\/v2\/posts\/6989\/revisions"}],"wp:featuredmedia":[{"embeddable":true,"href":"https:\/\/www.abchukuk.com\/index.php\/wp-json\/wp\/v2\/media\/6990"}],"wp:attachment":[{"href":"https:\/\/www.abchukuk.com\/index.php\/wp-json\/wp\/v2\/media?parent=6989"}],"wp:term":[{"taxonomy":"category","embeddable":true,"href":"https:\/\/www.abchukuk.com\/index.php\/wp-json\/wp\/v2\/categories?post=6989"},{"taxonomy":"post_tag","embeddable":true,"href":"https:\/\/www.abchukuk.com\/index.php\/wp-json\/wp\/v2\/tags?post=6989"}],"curies":[{"name":"wp","href":"https:\/\/api.w.org\/{rel}","templated":true}]}}