{"id":6985,"date":"2025-10-02T12:13:00","date_gmt":"2025-10-02T12:13:00","guid":{"rendered":"https:\/\/www.abchukuk.com\/index.php\/2025\/10\/02\/narin-guran-davasinda-3-tahliye-sucluyu-kayirmadan-tutuklu-sanik-kalmadi\/"},"modified":"2025-10-02T12:13:00","modified_gmt":"2025-10-02T12:13:00","slug":"narin-guran-davasinda-3-tahliye-sucluyu-kayirmadan-tutuklu-sanik-kalmadi","status":"publish","type":"post","link":"https:\/\/www.abchukuk.com\/index.php\/2025\/10\/02\/narin-guran-davasinda-3-tahliye-sucluyu-kayirmadan-tutuklu-sanik-kalmadi\/","title":{"rendered":"Narin G\u00fcran Davas\u0131nda 3 Tahliye: &#8216;Su\u00e7luyu Kay\u0131rma&#8217;dan Tutuklu San\u0131k Kalmad\u0131"},"content":{"rendered":"<p><a href=\"https:\/\/www.gercekgundem.com\/guncel\/narin-guran-davasinda-3-tahliye-557962\"><br \/>\n                                                            <img decoding=\"async\" src=\"https:\/\/i.gercekgundem.com\/2\/150\/84\/storage\/files\/images\/2025\/10\/02\/narin-guran-davasinda-3-tahliye-wonh.jpg\" width=\"150\" height=\"84\" border=\"0\" align=\"right\" \/><br \/>\n                                                    <\/a><\/p>\n<h4>Diyarbak\u0131r B\u00f6lge Adliye Mahkemesi 7. Ceza Dairesi, Narin G\u00fcran cinayeti davas\u0131nda \u2018Su\u00e7luyu kay\u0131rma\u2019 su\u00e7undan tutuklu yarg\u0131lanan Birsen, Fuat ve Ma\u015fallah G\u00fcran\u2019\u0131n tahliyelerine karar verdi. B\u00f6ylece davada &#8216;Su\u00e7luyu kay\u0131rma&#8217; su\u00e7undan tutuklu san\u0131k kalmad\u0131.<\/h4>\n<p>Diyarbak\u0131r B\u00f6lge Adliye Mahkemesi 7. Ceza Dairesi, Narin G\u00fcran cinayeti davas\u0131nda \u2018Su\u00e7luyu kay\u0131rma\u2019 su\u00e7undan tutuklu yarg\u0131lanan Birsen, Fuat ve Ma\u015fallah G\u00fcran\u2019\u0131n tahliyelerine karar verdi. B\u00f6ylece davada &#8216;Su\u00e7luyu kay\u0131rma&#8217; su\u00e7undan tutuklu san\u0131k kalmad\u0131.\u00a0<a href=\"https:\/\/www.gercekgundem.com\/guncel\/narin-guran-davasinda-3-tahliye-557962\" target=\"_blank\" class=\"feedzy-rss-link-icon\">Read More<\/a><\/p>","protected":false},"excerpt":{"rendered":"<p>Diyarbak\u0131r B\u00f6lge Adliye Mahkemesi 7. Ceza Dairesi, Narin G\u00fcran cinayeti davas\u0131nda \u2018Su\u00e7luyu kay\u0131rma\u2019 su\u00e7undan tutuklu yarg\u0131lanan Birsen, Fuat ve Ma\u015fallah G\u00fcran\u2019\u0131n tahliyelerine karar verdi. B\u00f6ylece davada &#8216;Su\u00e7luyu kay\u0131rma&#8217; su\u00e7undan tutuklu san\u0131k kalmad\u0131. Diyarbak\u0131r B\u00f6lge Adliye Mahkemesi 7. Ceza Dairesi, Narin G\u00fcran cinayeti davas\u0131nda \u2018Su\u00e7luyu kay\u0131rma\u2019 su\u00e7undan tutuklu yarg\u0131lanan Birsen, Fuat ve Ma\u015fallah G\u00fcran\u2019\u0131n tahliyelerine karar [&hellip;]<\/p>\n","protected":false},"author":1,"featured_media":6986,"comment_status":"open","ping_status":"open","sticky":false,"template":"","format":"standard","meta":{"footnotes":"","_links_to":"","_links_to_target":""},"categories":[1],"tags":[],"class_list":["post-6985","post","type-post","status-publish","format-standard","has-post-thumbnail","hentry","category-haberler"],"_links":{"self":[{"href":"https:\/\/www.abchukuk.com\/index.php\/wp-json\/wp\/v2\/posts\/6985","targetHints":{"allow":["GET"]}}],"collection":[{"href":"https:\/\/www.abchukuk.com\/index.php\/wp-json\/wp\/v2\/posts"}],"about":[{"href":"https:\/\/www.abchukuk.com\/index.php\/wp-json\/wp\/v2\/types\/post"}],"author":[{"embeddable":true,"href":"https:\/\/www.abchukuk.com\/index.php\/wp-json\/wp\/v2\/users\/1"}],"replies":[{"embeddable":true,"href":"https:\/\/www.abchukuk.com\/index.php\/wp-json\/wp\/v2\/comments?post=6985"}],"version-history":[{"count":0,"href":"https:\/\/www.abchukuk.com\/index.php\/wp-json\/wp\/v2\/posts\/6985\/revisions"}],"wp:featuredmedia":[{"embeddable":true,"href":"https:\/\/www.abchukuk.com\/index.php\/wp-json\/wp\/v2\/media\/6986"}],"wp:attachment":[{"href":"https:\/\/www.abchukuk.com\/index.php\/wp-json\/wp\/v2\/media?parent=6985"}],"wp:term":[{"taxonomy":"category","embeddable":true,"href":"https:\/\/www.abchukuk.com\/index.php\/wp-json\/wp\/v2\/categories?post=6985"},{"taxonomy":"post_tag","embeddable":true,"href":"https:\/\/www.abchukuk.com\/index.php\/wp-json\/wp\/v2\/tags?post=6985"}],"curies":[{"name":"wp","href":"https:\/\/api.w.org\/{rel}","templated":true}]}}