{"id":6983,"date":"2025-10-02T13:02:00","date_gmt":"2025-10-02T13:02:00","guid":{"rendered":"https:\/\/www.abchukuk.com\/index.php\/2025\/10\/02\/akpli-ozlem-cerciogluna-yargi-dur-dedi\/"},"modified":"2025-10-02T13:02:00","modified_gmt":"2025-10-02T13:02:00","slug":"akpli-ozlem-cerciogluna-yargi-dur-dedi","status":"publish","type":"post","link":"https:\/\/www.abchukuk.com\/index.php\/2025\/10\/02\/akpli-ozlem-cerciogluna-yargi-dur-dedi\/","title":{"rendered":"AKP\u2019li \u00d6zlem \u00c7er\u00e7io\u011flu\u2019na yarg\u0131 &#8216;Dur&#8217; dedi"},"content":{"rendered":"<p>Ku\u015fadas\u0131 Belediye Ba\u015fkan\u0131 \u00d6mer G\u00fcnel, kendilerine tahsis edilen Ku\u015fadas\u0131 Belediyesi Ana Hizmet Binas\u0131\u2019nda, AKP\u2019ye ge\u00e7en \u00d6zlem \u00c7er\u00e7io\u011flu ba\u015fkanl\u0131\u011f\u0131ndaki Ayd\u0131n B\u00fcy\u00fck\u015fehir Belediyesi taraf\u0131ndan ba\u015flat\u0131lan tahliye s\u00fcrecinin \u0130dare Mahkemesi\u2019ne yapt\u0131klar\u0131 itiraz sonucunda durduruldu\u011funu bildirdi.Ku\u015fadas\u0131 Belediye Ba\u015fkan\u0131 \u00d6mer G\u00fcnel, kendilerine tahsis edilen Ku\u015fadas\u0131 Belediyesi Ana Hizmet Binas\u0131\u2019nda, AKP\u2019ye ge\u00e7en \u00d6zlem \u00c7er\u00e7io\u011flu ba\u015fkanl\u0131\u011f\u0131ndaki Ayd\u0131n B\u00fcy\u00fck\u015fehir Belediyesi taraf\u0131ndan ba\u015flat\u0131lan tahliye s\u00fcrecinin \u0130dare Mahkemesi\u2019ne yapt\u0131klar\u0131 itiraz sonucunda durduruldu\u011funu bildirdi.\u00a0<a href=\"https:\/\/www.cumhuriyet.com.tr\/turkiye\/akp-li-ozlem-cercioglu-na-yargi-dur-dedi-2440170\" target=\"_blank\" class=\"feedzy-rss-link-icon\">Read More<\/a><\/p>","protected":false},"excerpt":{"rendered":"<p>Ku\u015fadas\u0131 Belediye Ba\u015fkan\u0131 \u00d6mer G\u00fcnel, kendilerine tahsis edilen Ku\u015fadas\u0131 Belediyesi Ana Hizmet Binas\u0131\u2019nda, AKP\u2019ye ge\u00e7en \u00d6zlem \u00c7er\u00e7io\u011flu ba\u015fkanl\u0131\u011f\u0131ndaki Ayd\u0131n B\u00fcy\u00fck\u015fehir Belediyesi taraf\u0131ndan ba\u015flat\u0131lan tahliye s\u00fcrecinin \u0130dare Mahkemesi\u2019ne yapt\u0131klar\u0131 itiraz sonucunda durduruldu\u011funu bildirdi.Ku\u015fadas\u0131 Belediye Ba\u015fkan\u0131 \u00d6mer G\u00fcnel, kendilerine tahsis edilen Ku\u015fadas\u0131 Belediyesi Ana Hizmet Binas\u0131\u2019nda, AKP\u2019ye ge\u00e7en \u00d6zlem \u00c7er\u00e7io\u011flu ba\u015fkanl\u0131\u011f\u0131ndaki Ayd\u0131n B\u00fcy\u00fck\u015fehir Belediyesi taraf\u0131ndan ba\u015flat\u0131lan tahliye [&hellip;]<\/p>\n","protected":false},"author":1,"featured_media":6984,"comment_status":"open","ping_status":"open","sticky":false,"template":"","format":"standard","meta":{"footnotes":"","_links_to":"","_links_to_target":""},"categories":[1],"tags":[],"class_list":["post-6983","post","type-post","status-publish","format-standard","has-post-thumbnail","hentry","category-haberler"],"_links":{"self":[{"href":"https:\/\/www.abchukuk.com\/index.php\/wp-json\/wp\/v2\/posts\/6983","targetHints":{"allow":["GET"]}}],"collection":[{"href":"https:\/\/www.abchukuk.com\/index.php\/wp-json\/wp\/v2\/posts"}],"about":[{"href":"https:\/\/www.abchukuk.com\/index.php\/wp-json\/wp\/v2\/types\/post"}],"author":[{"embeddable":true,"href":"https:\/\/www.abchukuk.com\/index.php\/wp-json\/wp\/v2\/users\/1"}],"replies":[{"embeddable":true,"href":"https:\/\/www.abchukuk.com\/index.php\/wp-json\/wp\/v2\/comments?post=6983"}],"version-history":[{"count":0,"href":"https:\/\/www.abchukuk.com\/index.php\/wp-json\/wp\/v2\/posts\/6983\/revisions"}],"wp:featuredmedia":[{"embeddable":true,"href":"https:\/\/www.abchukuk.com\/index.php\/wp-json\/wp\/v2\/media\/6984"}],"wp:attachment":[{"href":"https:\/\/www.abchukuk.com\/index.php\/wp-json\/wp\/v2\/media?parent=6983"}],"wp:term":[{"taxonomy":"category","embeddable":true,"href":"https:\/\/www.abchukuk.com\/index.php\/wp-json\/wp\/v2\/categories?post=6983"},{"taxonomy":"post_tag","embeddable":true,"href":"https:\/\/www.abchukuk.com\/index.php\/wp-json\/wp\/v2\/tags?post=6983"}],"curies":[{"name":"wp","href":"https:\/\/api.w.org\/{rel}","templated":true}]}}