{"id":6981,"date":"2025-10-02T13:04:00","date_gmt":"2025-10-02T13:04:00","guid":{"rendered":"https:\/\/www.abchukuk.com\/index.php\/2025\/10\/02\/fatih-altayli-davasinda-hukukculardan-bilimsel-mutalaa-suc-yok-elestiri-hakki-kullanildi\/"},"modified":"2025-10-02T13:04:00","modified_gmt":"2025-10-02T13:04:00","slug":"fatih-altayli-davasinda-hukukculardan-bilimsel-mutalaa-suc-yok-elestiri-hakki-kullanildi","status":"publish","type":"post","link":"https:\/\/www.abchukuk.com\/index.php\/2025\/10\/02\/fatih-altayli-davasinda-hukukculardan-bilimsel-mutalaa-suc-yok-elestiri-hakki-kullanildi\/","title":{"rendered":"Fatih Altayl\u0131 davas\u0131nda hukuk\u00e7ulardan bilimsel m\u00fctalaa: &#8216;Su\u00e7 yok, ele\u015ftiri hakk\u0131 kullan\u0131ld\u0131&#8217;"},"content":{"rendered":"<p>\u00dcnl\u00fc ceza hukuk\u00e7ular\u0131n\u0131n sundu\u011fu m\u00fctalaada, gazeteci Fatih Altayl\u0131\u2019n\u0131n s\u00f6zlerinin tehdit de\u011fil ele\u015ftiri kapsam\u0131nda oldu\u011fu, tutuklama karar\u0131n\u0131n ise ifade \u00f6zg\u00fcrl\u00fc\u011f\u00fcn\u00fc ihlal etti\u011fi belirtildi.\u00dcnl\u00fc ceza hukuk\u00e7ular\u0131n\u0131n sundu\u011fu m\u00fctalaada, gazeteci Fatih Altayl\u0131\u2019n\u0131n s\u00f6zlerinin tehdit de\u011fil ele\u015ftiri kapsam\u0131nda oldu\u011fu, tutuklama karar\u0131n\u0131n ise ifade \u00f6zg\u00fcrl\u00fc\u011f\u00fcn\u00fc ihlal etti\u011fi belirtildi.\u00a0<a href=\"https:\/\/www.cumhuriyet.com.tr\/turkiye\/fatih-altayli-davasinda-hukukculardan-bilimsel-mutalaa-suc-yok-elestiri-hakki-kullanildi-2440171\" target=\"_blank\" class=\"feedzy-rss-link-icon\">Read More<\/a><\/p>","protected":false},"excerpt":{"rendered":"<p>\u00dcnl\u00fc ceza hukuk\u00e7ular\u0131n\u0131n sundu\u011fu m\u00fctalaada, gazeteci Fatih Altayl\u0131\u2019n\u0131n s\u00f6zlerinin tehdit de\u011fil ele\u015ftiri kapsam\u0131nda oldu\u011fu, tutuklama karar\u0131n\u0131n ise ifade \u00f6zg\u00fcrl\u00fc\u011f\u00fcn\u00fc ihlal etti\u011fi belirtildi.\u00dcnl\u00fc ceza hukuk\u00e7ular\u0131n\u0131n sundu\u011fu m\u00fctalaada, gazeteci Fatih Altayl\u0131\u2019n\u0131n s\u00f6zlerinin tehdit de\u011fil ele\u015ftiri kapsam\u0131nda oldu\u011fu, tutuklama karar\u0131n\u0131n ise ifade \u00f6zg\u00fcrl\u00fc\u011f\u00fcn\u00fc ihlal etti\u011fi belirtildi.\u00a0Read More<\/p>\n","protected":false},"author":1,"featured_media":6982,"comment_status":"open","ping_status":"open","sticky":false,"template":"","format":"standard","meta":{"footnotes":"","_links_to":"","_links_to_target":""},"categories":[1],"tags":[],"class_list":["post-6981","post","type-post","status-publish","format-standard","has-post-thumbnail","hentry","category-haberler"],"_links":{"self":[{"href":"https:\/\/www.abchukuk.com\/index.php\/wp-json\/wp\/v2\/posts\/6981","targetHints":{"allow":["GET"]}}],"collection":[{"href":"https:\/\/www.abchukuk.com\/index.php\/wp-json\/wp\/v2\/posts"}],"about":[{"href":"https:\/\/www.abchukuk.com\/index.php\/wp-json\/wp\/v2\/types\/post"}],"author":[{"embeddable":true,"href":"https:\/\/www.abchukuk.com\/index.php\/wp-json\/wp\/v2\/users\/1"}],"replies":[{"embeddable":true,"href":"https:\/\/www.abchukuk.com\/index.php\/wp-json\/wp\/v2\/comments?post=6981"}],"version-history":[{"count":0,"href":"https:\/\/www.abchukuk.com\/index.php\/wp-json\/wp\/v2\/posts\/6981\/revisions"}],"wp:featuredmedia":[{"embeddable":true,"href":"https:\/\/www.abchukuk.com\/index.php\/wp-json\/wp\/v2\/media\/6982"}],"wp:attachment":[{"href":"https:\/\/www.abchukuk.com\/index.php\/wp-json\/wp\/v2\/media?parent=6981"}],"wp:term":[{"taxonomy":"category","embeddable":true,"href":"https:\/\/www.abchukuk.com\/index.php\/wp-json\/wp\/v2\/categories?post=6981"},{"taxonomy":"post_tag","embeddable":true,"href":"https:\/\/www.abchukuk.com\/index.php\/wp-json\/wp\/v2\/tags?post=6981"}],"curies":[{"name":"wp","href":"https:\/\/api.w.org\/{rel}","templated":true}]}}