{"id":6979,"date":"2025-10-02T13:22:00","date_gmt":"2025-10-02T13:22:00","guid":{"rendered":"https:\/\/www.abchukuk.com\/index.php\/2025\/10\/02\/istanbulda-depremin-ardindan-okullar-tahliye-edildi\/"},"modified":"2025-10-02T13:22:00","modified_gmt":"2025-10-02T13:22:00","slug":"istanbulda-depremin-ardindan-okullar-tahliye-edildi","status":"publish","type":"post","link":"https:\/\/www.abchukuk.com\/index.php\/2025\/10\/02\/istanbulda-depremin-ardindan-okullar-tahliye-edildi\/","title":{"rendered":"\u0130stanbul&#8217;da depremin ard\u0131ndan okullar tahliye edildi"},"content":{"rendered":"<p>Tekirda\u011f&#8217;\u0131n Marmaraere\u011flisi il\u00e7esinin a\u00e7\u0131klar\u0131nda saat 14.55&#8217;te meydana gelen 5.0 b\u00fcy\u00fckl\u00fc\u011f\u00fcndeki deprem sonras\u0131 depremin hissedildi\u011fi \u0130stanbulda okullar tahliye edildi.Tekirda\u011f&#8217;\u0131n Marmaraere\u011flisi il\u00e7esinin a\u00e7\u0131klar\u0131nda saat 14.55&#8217;te meydana gelen 5.0 b\u00fcy\u00fckl\u00fc\u011f\u00fcndeki deprem sonras\u0131 depremin hissedildi\u011fi \u0130stanbulda okullar tahliye edildi.\u00a0<a href=\"https:\/\/www.cumhuriyet.com.tr\/turkiye\/istanbul-da-depremin-ardindan-okullar-tahliye-edildi-2440187\" target=\"_blank\" class=\"feedzy-rss-link-icon\">Read More<\/a><\/p>","protected":false},"excerpt":{"rendered":"<p>Tekirda\u011f&#8217;\u0131n Marmaraere\u011flisi il\u00e7esinin a\u00e7\u0131klar\u0131nda saat 14.55&#8217;te meydana gelen 5.0 b\u00fcy\u00fckl\u00fc\u011f\u00fcndeki deprem sonras\u0131 depremin hissedildi\u011fi \u0130stanbulda okullar tahliye edildi.Tekirda\u011f&#8217;\u0131n Marmaraere\u011flisi il\u00e7esinin a\u00e7\u0131klar\u0131nda saat 14.55&#8217;te meydana gelen 5.0 b\u00fcy\u00fckl\u00fc\u011f\u00fcndeki deprem sonras\u0131 depremin hissedildi\u011fi \u0130stanbulda okullar tahliye edildi.\u00a0Read More<\/p>\n","protected":false},"author":1,"featured_media":6980,"comment_status":"open","ping_status":"open","sticky":false,"template":"","format":"standard","meta":{"footnotes":"","_links_to":"","_links_to_target":""},"categories":[1],"tags":[],"class_list":["post-6979","post","type-post","status-publish","format-standard","has-post-thumbnail","hentry","category-haberler"],"_links":{"self":[{"href":"https:\/\/www.abchukuk.com\/index.php\/wp-json\/wp\/v2\/posts\/6979","targetHints":{"allow":["GET"]}}],"collection":[{"href":"https:\/\/www.abchukuk.com\/index.php\/wp-json\/wp\/v2\/posts"}],"about":[{"href":"https:\/\/www.abchukuk.com\/index.php\/wp-json\/wp\/v2\/types\/post"}],"author":[{"embeddable":true,"href":"https:\/\/www.abchukuk.com\/index.php\/wp-json\/wp\/v2\/users\/1"}],"replies":[{"embeddable":true,"href":"https:\/\/www.abchukuk.com\/index.php\/wp-json\/wp\/v2\/comments?post=6979"}],"version-history":[{"count":0,"href":"https:\/\/www.abchukuk.com\/index.php\/wp-json\/wp\/v2\/posts\/6979\/revisions"}],"wp:featuredmedia":[{"embeddable":true,"href":"https:\/\/www.abchukuk.com\/index.php\/wp-json\/wp\/v2\/media\/6980"}],"wp:attachment":[{"href":"https:\/\/www.abchukuk.com\/index.php\/wp-json\/wp\/v2\/media?parent=6979"}],"wp:term":[{"taxonomy":"category","embeddable":true,"href":"https:\/\/www.abchukuk.com\/index.php\/wp-json\/wp\/v2\/categories?post=6979"},{"taxonomy":"post_tag","embeddable":true,"href":"https:\/\/www.abchukuk.com\/index.php\/wp-json\/wp\/v2\/tags?post=6979"}],"curies":[{"name":"wp","href":"https:\/\/api.w.org\/{rel}","templated":true}]}}