{"id":6973,"date":"2025-10-02T12:02:43","date_gmt":"2025-10-02T12:02:43","guid":{"rendered":"https:\/\/www.abchukuk.com\/index.php\/2025\/10\/02\/hskda-kritik-bekleyis-istanbul-kararnamesi-bugunde-cikmadi\/"},"modified":"2025-10-02T12:02:43","modified_gmt":"2025-10-02T12:02:43","slug":"hskda-kritik-bekleyis-istanbul-kararnamesi-bugunde-cikmadi","status":"publish","type":"post","link":"https:\/\/www.abchukuk.com\/index.php\/2025\/10\/02\/hskda-kritik-bekleyis-istanbul-kararnamesi-bugunde-cikmadi\/","title":{"rendered":"HSK\u2019da Kritik Bekleyi\u015f: \u0130stanbul Kararnamesi Bug\u00fcnde \u00c7\u0131kmad\u0131"},"content":{"rendered":"<p><strong>SONTV KUL\u00dcS HABER:<\/strong><\/p>\n<p class=\"p1\">Hakimler ve Savc\u0131lar Kurulu\u2019nun (HSK) Birinci Dairesi, bug\u00fcn Daire Ba\u015fkan\u0131 Turan Kulo\u011flu\u2019nun ba\u015fkanl\u0131\u011f\u0131nda saat 10:00\u2019da topland\u0131. Yakla\u015f\u0131k iki bu\u00e7uk saat s\u00fcren ve 12:30\u2019da sona eren toplant\u0131dan, yarg\u0131 camias\u0131n\u0131n merakla bekledi\u011fi \u0130stanbul kararnamesi yine \u00e7\u0131kmad\u0131.<\/p>\n<p class=\"p1\"><strong>Kritik Toplant\u0131dan Kararname Bekleniyordu<\/strong><\/p>\n<p class=\"p1\">Bir s\u00fcredir g\u00fcndemde olan \u0130stanbul\u2019daki kritik il\u00e7e ba\u015fsavc\u0131l\u0131klar\u0131 i\u00e7in atama karar\u0131, bug\u00fcn yap\u0131lacak toplant\u0131dan \u00e7\u0131kacak beklentisiyle takip ediliyordu. Ancak toplant\u0131n\u0131n sonunda herhangi bir kararname a\u00e7\u0131klanmad\u0131.<\/p>\n<p class=\"p1\"><strong>SONTV\u2019nin Kulis Bilgileri<\/strong><\/p>\n<p class=\"p1\">SONTV\u2019nin HSK kulislerinden edindi\u011fi bilgilere g\u00f6re, \u0130stanbul kararnamesinin yar\u0131na kald\u0131\u011f\u0131 \u00f6\u011frenildi. Buna g\u00f6re, \u0130stanbul\u2019daki Bak\u0131rk\u00f6y, Anadolu, Beykoz ve Silivri Cumhuriyet Ba\u015fsavc\u0131l\u0131klar\u0131 ba\u015fta olmak \u00fczere kritik g\u00f6revlerde yap\u0131lacak de\u011fi\u015fikliklerin a\u00e7\u0131klanmas\u0131 ertelendi. HSK\u2019daki ertelemenin kararname kapsam\u0131n\u0131n muhtemel geni\u015flemesi nedeniyle oldu\u011fu de\u011ferlendiriliyor\u2026<\/p>\n<p class=\"p1\"><strong>Yarg\u0131 D\u00fcnyas\u0131nda Bekleyi\u015f<\/strong><\/p>\n<p class=\"p1\">HSK Birinci Dairesi\u2019nin yar\u0131n yeniden toplanmas\u0131 bekleniyor. Kararname ile \u0130stanbul d\u0131\u015f\u0131nda vek\u00e2leten y\u00fcr\u00fct\u00fclen Antalya BAM Cumhuriyet Ba\u015fsavc\u0131l\u0131\u011f\u0131 gibi g\u00f6revlerde de de\u011fi\u015fiklik yap\u0131lmas\u0131 \u00f6ng\u00f6r\u00fcl\u00fcyor.<\/p>\n<p class=\"p1\">Yarg\u0131 kulislerinde \u201c\u0130stanbul kararnamesi yar\u0131n \u00e7\u0131kacak\u201d beklentisi g\u00fc\u00e7lendi.<\/p>\n\n<p>SONTV KUL\u00dcS HABER: Hakimler ve Savc\u0131lar Kurulu\u2019nun (HSK) Birinci Dairesi, bug\u00fcn Daire Ba\u015fkan\u0131 Turan Kulo\u011flu\u2019nun ba\u015fkanl\u0131\u011f\u0131nda saat 10:00\u2019da topland\u0131. Yakla\u015f\u0131k iki bu\u00e7uk saat s\u00fcren ve 12:30\u2019da sona eren toplant\u0131dan, yarg\u0131 camias\u0131n\u0131n merakla bekledi\u011fi \u0130stanbul kararnamesi yine \u00e7\u0131kmad\u0131. Kritik Toplant\u0131dan Kararname Bekleniyordu Bir s\u00fcredir g\u00fcndemde olan \u0130stanbul\u2019daki kritik il\u00e7e ba\u015fsavc\u0131l\u0131klar\u0131 i\u00e7in atama karar\u0131, bug\u00fcn yap\u0131lacak toplant\u0131dan\u00a0<a href=\"https:\/\/www.son.tv\/hskda-kritik-bekleyis-istanbul-kararnamesi-bugunde-cikmadi\/\" target=\"_blank\" class=\"feedzy-rss-link-icon\">Read More<\/a><\/p>","protected":false},"excerpt":{"rendered":"<p>SONTV KUL\u00dcS HABER: Hakimler ve Savc\u0131lar Kurulu\u2019nun (HSK) Birinci Dairesi, bug\u00fcn Daire Ba\u015fkan\u0131 Turan Kulo\u011flu\u2019nun ba\u015fkanl\u0131\u011f\u0131nda saat 10:00\u2019da topland\u0131. Yakla\u015f\u0131k iki bu\u00e7uk saat s\u00fcren ve 12:30\u2019da sona eren toplant\u0131dan, yarg\u0131 camias\u0131n\u0131n merakla bekledi\u011fi \u0130stanbul kararnamesi yine \u00e7\u0131kmad\u0131. Kritik Toplant\u0131dan Kararname Bekleniyordu Bir s\u00fcredir g\u00fcndemde olan \u0130stanbul\u2019daki kritik il\u00e7e ba\u015fsavc\u0131l\u0131klar\u0131 i\u00e7in atama karar\u0131, bug\u00fcn yap\u0131lacak toplant\u0131dan [&hellip;]<\/p>\n","protected":false},"author":1,"featured_media":0,"comment_status":"open","ping_status":"open","sticky":false,"template":"","format":"standard","meta":{"footnotes":"","_links_to":"","_links_to_target":""},"categories":[1],"tags":[],"class_list":["post-6973","post","type-post","status-publish","format-standard","hentry","category-haberler"],"_links":{"self":[{"href":"https:\/\/www.abchukuk.com\/index.php\/wp-json\/wp\/v2\/posts\/6973","targetHints":{"allow":["GET"]}}],"collection":[{"href":"https:\/\/www.abchukuk.com\/index.php\/wp-json\/wp\/v2\/posts"}],"about":[{"href":"https:\/\/www.abchukuk.com\/index.php\/wp-json\/wp\/v2\/types\/post"}],"author":[{"embeddable":true,"href":"https:\/\/www.abchukuk.com\/index.php\/wp-json\/wp\/v2\/users\/1"}],"replies":[{"embeddable":true,"href":"https:\/\/www.abchukuk.com\/index.php\/wp-json\/wp\/v2\/comments?post=6973"}],"version-history":[{"count":0,"href":"https:\/\/www.abchukuk.com\/index.php\/wp-json\/wp\/v2\/posts\/6973\/revisions"}],"wp:attachment":[{"href":"https:\/\/www.abchukuk.com\/index.php\/wp-json\/wp\/v2\/media?parent=6973"}],"wp:term":[{"taxonomy":"category","embeddable":true,"href":"https:\/\/www.abchukuk.com\/index.php\/wp-json\/wp\/v2\/categories?post=6973"},{"taxonomy":"post_tag","embeddable":true,"href":"https:\/\/www.abchukuk.com\/index.php\/wp-json\/wp\/v2\/tags?post=6973"}],"curies":[{"name":"wp","href":"https:\/\/api.w.org\/{rel}","templated":true}]}}