{"id":6961,"date":"2025-10-02T09:58:00","date_gmt":"2025-10-02T09:58:00","guid":{"rendered":"https:\/\/www.abchukuk.com\/index.php\/2025\/10\/02\/genelkurmay-baskaninin-ozgur-ozele-actigi-tazminat-davasi-icin-karar\/"},"modified":"2025-10-02T09:58:00","modified_gmt":"2025-10-02T09:58:00","slug":"genelkurmay-baskaninin-ozgur-ozele-actigi-tazminat-davasi-icin-karar","status":"publish","type":"post","link":"https:\/\/www.abchukuk.com\/index.php\/2025\/10\/02\/genelkurmay-baskaninin-ozgur-ozele-actigi-tazminat-davasi-icin-karar\/","title":{"rendered":"Genelkurmay Ba\u015fkan\u0131&#8217;n\u0131n \u00d6zg\u00fcr \u00d6zel&#8217;e A\u00e7t\u0131\u011f\u0131 Tazminat Davas\u0131 \u0130\u00e7in Karar"},"content":{"rendered":"<p><a href=\"https:\/\/www.gercekgundem.com\/siyaset\/genelkurmay-baskaninin-ozgur-ozele-actigi-tazminat-davasi-icin-karar-557936\"><br \/>\n                                                            <img decoding=\"async\" src=\"https:\/\/i.gercekgundem.com\/2\/150\/84\/storage\/files\/images\/2025\/10\/02\/genelkurmay-baskaninin-ozgur-ozele-actigi-tazminat-davasi-icin-karar-t2um.jpg\" width=\"150\" height=\"84\" border=\"0\" align=\"right\" \/><br \/>\n                                                    <\/a><\/p>\n<h4>Mahkeme, Genelkurmay Ba\u015fkan\u0131 Sel\u00e7uk Bayraktaro\u011flu\u2019nun CHP lideri \u00d6zg\u00fcr \u00d6zel\u2019e te\u011fmenlerin ihrac\u0131n\u0131n ard\u0131ndan yapt\u0131\u011f\u0131 a\u00e7\u0131klama nedeniyle a\u00e7t\u0131\u011f\u0131 manevi tazminat davas\u0131n\u0131 reddetti.<\/h4>\n<p>Mahkeme, Genelkurmay Ba\u015fkan\u0131 Sel\u00e7uk Bayraktaro\u011flu\u2019nun CHP lideri \u00d6zg\u00fcr \u00d6zel\u2019e te\u011fmenlerin ihrac\u0131n\u0131n ard\u0131ndan yapt\u0131\u011f\u0131 a\u00e7\u0131klama nedeniyle a\u00e7t\u0131\u011f\u0131 manevi tazminat davas\u0131n\u0131 reddetti.\u00a0<a href=\"https:\/\/www.gercekgundem.com\/siyaset\/genelkurmay-baskaninin-ozgur-ozele-actigi-tazminat-davasi-icin-karar-557936\" target=\"_blank\" class=\"feedzy-rss-link-icon\">Read More<\/a><\/p>","protected":false},"excerpt":{"rendered":"<p>Mahkeme, Genelkurmay Ba\u015fkan\u0131 Sel\u00e7uk Bayraktaro\u011flu\u2019nun CHP lideri \u00d6zg\u00fcr \u00d6zel\u2019e te\u011fmenlerin ihrac\u0131n\u0131n ard\u0131ndan yapt\u0131\u011f\u0131 a\u00e7\u0131klama nedeniyle a\u00e7t\u0131\u011f\u0131 manevi tazminat davas\u0131n\u0131 reddetti. Mahkeme, Genelkurmay Ba\u015fkan\u0131 Sel\u00e7uk Bayraktaro\u011flu\u2019nun CHP lideri \u00d6zg\u00fcr \u00d6zel\u2019e te\u011fmenlerin ihrac\u0131n\u0131n ard\u0131ndan yapt\u0131\u011f\u0131 a\u00e7\u0131klama nedeniyle a\u00e7t\u0131\u011f\u0131 manevi tazminat davas\u0131n\u0131 reddetti.\u00a0Read More<\/p>\n","protected":false},"author":1,"featured_media":6962,"comment_status":"open","ping_status":"open","sticky":false,"template":"","format":"standard","meta":{"footnotes":"","_links_to":"","_links_to_target":""},"categories":[1],"tags":[],"class_list":["post-6961","post","type-post","status-publish","format-standard","has-post-thumbnail","hentry","category-haberler"],"_links":{"self":[{"href":"https:\/\/www.abchukuk.com\/index.php\/wp-json\/wp\/v2\/posts\/6961","targetHints":{"allow":["GET"]}}],"collection":[{"href":"https:\/\/www.abchukuk.com\/index.php\/wp-json\/wp\/v2\/posts"}],"about":[{"href":"https:\/\/www.abchukuk.com\/index.php\/wp-json\/wp\/v2\/types\/post"}],"author":[{"embeddable":true,"href":"https:\/\/www.abchukuk.com\/index.php\/wp-json\/wp\/v2\/users\/1"}],"replies":[{"embeddable":true,"href":"https:\/\/www.abchukuk.com\/index.php\/wp-json\/wp\/v2\/comments?post=6961"}],"version-history":[{"count":0,"href":"https:\/\/www.abchukuk.com\/index.php\/wp-json\/wp\/v2\/posts\/6961\/revisions"}],"wp:featuredmedia":[{"embeddable":true,"href":"https:\/\/www.abchukuk.com\/index.php\/wp-json\/wp\/v2\/media\/6962"}],"wp:attachment":[{"href":"https:\/\/www.abchukuk.com\/index.php\/wp-json\/wp\/v2\/media?parent=6961"}],"wp:term":[{"taxonomy":"category","embeddable":true,"href":"https:\/\/www.abchukuk.com\/index.php\/wp-json\/wp\/v2\/categories?post=6961"},{"taxonomy":"post_tag","embeddable":true,"href":"https:\/\/www.abchukuk.com\/index.php\/wp-json\/wp\/v2\/tags?post=6961"}],"curies":[{"name":"wp","href":"https:\/\/api.w.org\/{rel}","templated":true}]}}