{"id":6959,"date":"2025-10-02T10:41:00","date_gmt":"2025-10-02T10:41:00","guid":{"rendered":"https:\/\/www.abchukuk.com\/index.php\/2025\/10\/02\/akpli-belediyenin-kovdugu-isim-mahkeme-karariyla-gorevine-dondu\/"},"modified":"2025-10-02T10:41:00","modified_gmt":"2025-10-02T10:41:00","slug":"akpli-belediyenin-kovdugu-isim-mahkeme-karariyla-gorevine-dondu","status":"publish","type":"post","link":"https:\/\/www.abchukuk.com\/index.php\/2025\/10\/02\/akpli-belediyenin-kovdugu-isim-mahkeme-karariyla-gorevine-dondu\/","title":{"rendered":"AKP\u2019li belediyenin kovdu\u011fu isim mahkeme karar\u0131yla g\u00f6revine d\u00f6nd\u00fc"},"content":{"rendered":"<p>Devrek Belediyesi taraf\u0131ndan haks\u0131z yere re&#8217;sen emekli edilen \u0130brahim T\u0131\u011f, a\u00e7t\u0131\u011f\u0131 iade davas\u0131n\u0131 kazand\u0131. Devrek 1. Asliye Mahkemesinde bug\u00fcn g\u00f6r\u00fclen dava sonucunda mahkeme \u0130brahim T\u0131\u011f\u2019\u0131n re\u2019sen emekli edilmesinin ge\u00e7ersizli\u011fine ve i\u015fine iade edilmesine karar verdi.Devrek Belediyesi taraf\u0131ndan haks\u0131z yere re&#8217;sen emekli edilen \u0130brahim T\u0131\u011f, a\u00e7t\u0131\u011f\u0131 iade davas\u0131n\u0131 kazand\u0131. Devrek 1. Asliye Mahkemesinde bug\u00fcn g\u00f6r\u00fclen dava sonucunda mahkeme \u0130brahim T\u0131\u011f\u2019\u0131n re\u2019sen emekli edilmesinin ge\u00e7ersizli\u011fine ve i\u015fine iade edilmesine karar verdi.\u00a0<a href=\"https:\/\/www.cumhuriyet.com.tr\/yerel-gundem\/akp-li-belediyenin-kovdugu-isim-mahkeme-karariyla-gorevine-dondu-2440122\" target=\"_blank\" class=\"feedzy-rss-link-icon\">Read More<\/a><\/p>","protected":false},"excerpt":{"rendered":"<p>Devrek Belediyesi taraf\u0131ndan haks\u0131z yere re&#8217;sen emekli edilen \u0130brahim T\u0131\u011f, a\u00e7t\u0131\u011f\u0131 iade davas\u0131n\u0131 kazand\u0131. Devrek 1. Asliye Mahkemesinde bug\u00fcn g\u00f6r\u00fclen dava sonucunda mahkeme \u0130brahim T\u0131\u011f\u2019\u0131n re\u2019sen emekli edilmesinin ge\u00e7ersizli\u011fine ve i\u015fine iade edilmesine karar verdi.Devrek Belediyesi taraf\u0131ndan haks\u0131z yere re&#8217;sen emekli edilen \u0130brahim T\u0131\u011f, a\u00e7t\u0131\u011f\u0131 iade davas\u0131n\u0131 kazand\u0131. Devrek 1. Asliye Mahkemesinde bug\u00fcn g\u00f6r\u00fclen dava [&hellip;]<\/p>\n","protected":false},"author":1,"featured_media":6960,"comment_status":"open","ping_status":"open","sticky":false,"template":"","format":"standard","meta":{"footnotes":"","_links_to":"","_links_to_target":""},"categories":[1],"tags":[],"class_list":["post-6959","post","type-post","status-publish","format-standard","has-post-thumbnail","hentry","category-haberler"],"_links":{"self":[{"href":"https:\/\/www.abchukuk.com\/index.php\/wp-json\/wp\/v2\/posts\/6959","targetHints":{"allow":["GET"]}}],"collection":[{"href":"https:\/\/www.abchukuk.com\/index.php\/wp-json\/wp\/v2\/posts"}],"about":[{"href":"https:\/\/www.abchukuk.com\/index.php\/wp-json\/wp\/v2\/types\/post"}],"author":[{"embeddable":true,"href":"https:\/\/www.abchukuk.com\/index.php\/wp-json\/wp\/v2\/users\/1"}],"replies":[{"embeddable":true,"href":"https:\/\/www.abchukuk.com\/index.php\/wp-json\/wp\/v2\/comments?post=6959"}],"version-history":[{"count":0,"href":"https:\/\/www.abchukuk.com\/index.php\/wp-json\/wp\/v2\/posts\/6959\/revisions"}],"wp:featuredmedia":[{"embeddable":true,"href":"https:\/\/www.abchukuk.com\/index.php\/wp-json\/wp\/v2\/media\/6960"}],"wp:attachment":[{"href":"https:\/\/www.abchukuk.com\/index.php\/wp-json\/wp\/v2\/media?parent=6959"}],"wp:term":[{"taxonomy":"category","embeddable":true,"href":"https:\/\/www.abchukuk.com\/index.php\/wp-json\/wp\/v2\/categories?post=6959"},{"taxonomy":"post_tag","embeddable":true,"href":"https:\/\/www.abchukuk.com\/index.php\/wp-json\/wp\/v2\/tags?post=6959"}],"curies":[{"name":"wp","href":"https:\/\/api.w.org\/{rel}","templated":true}]}}