{"id":6957,"date":"2025-10-02T10:49:00","date_gmt":"2025-10-02T10:49:00","guid":{"rendered":"https:\/\/www.abchukuk.com\/index.php\/2025\/10\/02\/son-dakika-gazeteci-furkan-karabaya-bir-davadan-beraat-silivrideki-tutuklulugu-devam-edecek\/"},"modified":"2025-10-02T10:49:00","modified_gmt":"2025-10-02T10:49:00","slug":"son-dakika-gazeteci-furkan-karabaya-bir-davadan-beraat-silivrideki-tutuklulugu-devam-edecek","status":"publish","type":"post","link":"https:\/\/www.abchukuk.com\/index.php\/2025\/10\/02\/son-dakika-gazeteci-furkan-karabaya-bir-davadan-beraat-silivrideki-tutuklulugu-devam-edecek\/","title":{"rendered":"Son dakika&#8230; Gazeteci Furkan Karabay&#8217;a bir davadan beraat: Silivri\u2019deki tutuklulu\u011fu devam edecek"},"content":{"rendered":"<p>Son dakika haberi&#8230; Gazeteci Furkan Karabay, tutuklanan ve yerine kayy\u0131m atanan Esenyurt Belediye Ba\u015fkan\u0131 Ahmet \u00d6zer\u2019le ilgili haberleri ve sosyal medya payla\u015f\u0131mlar\u0131 nedeniyle a\u00e7\u0131lan davan\u0131n karar duru\u015fmas\u0131nda bug\u00fcn hakim kar\u015f\u0131s\u0131na \u00e7\u0131kt\u0131.Son dakika haberi&#8230; Gazeteci Furkan Karabay, tutuklanan ve yerine kayy\u0131m atanan Esenyurt Belediye Ba\u015fkan\u0131 Ahmet \u00d6zer\u2019le ilgili haberleri ve sosyal medya payla\u015f\u0131mlar\u0131 nedeniyle a\u00e7\u0131lan davan\u0131n karar duru\u015fmas\u0131nda bug\u00fcn hakim kar\u015f\u0131s\u0131na \u00e7\u0131kt\u0131.\u00a0<a href=\"https:\/\/www.cumhuriyet.com.tr\/turkiye\/son-dakika-gazeteci-furkan-karabay-a-bir-davadan-beraat-silivri-deki-tutuklulugu-devam-edecek-2440129\" target=\"_blank\" class=\"feedzy-rss-link-icon\">Read More<\/a><\/p>","protected":false},"excerpt":{"rendered":"<p>Son dakika haberi&#8230; Gazeteci Furkan Karabay, tutuklanan ve yerine kayy\u0131m atanan Esenyurt Belediye Ba\u015fkan\u0131 Ahmet \u00d6zer\u2019le ilgili haberleri ve sosyal medya payla\u015f\u0131mlar\u0131 nedeniyle a\u00e7\u0131lan davan\u0131n karar duru\u015fmas\u0131nda bug\u00fcn hakim kar\u015f\u0131s\u0131na \u00e7\u0131kt\u0131.Son dakika haberi&#8230; Gazeteci Furkan Karabay, tutuklanan ve yerine kayy\u0131m atanan Esenyurt Belediye Ba\u015fkan\u0131 Ahmet \u00d6zer\u2019le ilgili haberleri ve sosyal medya payla\u015f\u0131mlar\u0131 nedeniyle a\u00e7\u0131lan davan\u0131n [&hellip;]<\/p>\n","protected":false},"author":1,"featured_media":6958,"comment_status":"open","ping_status":"open","sticky":false,"template":"","format":"standard","meta":{"footnotes":"","_links_to":"","_links_to_target":""},"categories":[1],"tags":[],"class_list":["post-6957","post","type-post","status-publish","format-standard","has-post-thumbnail","hentry","category-haberler"],"_links":{"self":[{"href":"https:\/\/www.abchukuk.com\/index.php\/wp-json\/wp\/v2\/posts\/6957","targetHints":{"allow":["GET"]}}],"collection":[{"href":"https:\/\/www.abchukuk.com\/index.php\/wp-json\/wp\/v2\/posts"}],"about":[{"href":"https:\/\/www.abchukuk.com\/index.php\/wp-json\/wp\/v2\/types\/post"}],"author":[{"embeddable":true,"href":"https:\/\/www.abchukuk.com\/index.php\/wp-json\/wp\/v2\/users\/1"}],"replies":[{"embeddable":true,"href":"https:\/\/www.abchukuk.com\/index.php\/wp-json\/wp\/v2\/comments?post=6957"}],"version-history":[{"count":0,"href":"https:\/\/www.abchukuk.com\/index.php\/wp-json\/wp\/v2\/posts\/6957\/revisions"}],"wp:featuredmedia":[{"embeddable":true,"href":"https:\/\/www.abchukuk.com\/index.php\/wp-json\/wp\/v2\/media\/6958"}],"wp:attachment":[{"href":"https:\/\/www.abchukuk.com\/index.php\/wp-json\/wp\/v2\/media?parent=6957"}],"wp:term":[{"taxonomy":"category","embeddable":true,"href":"https:\/\/www.abchukuk.com\/index.php\/wp-json\/wp\/v2\/categories?post=6957"},{"taxonomy":"post_tag","embeddable":true,"href":"https:\/\/www.abchukuk.com\/index.php\/wp-json\/wp\/v2\/tags?post=6957"}],"curies":[{"name":"wp","href":"https:\/\/api.w.org\/{rel}","templated":true}]}}