{"id":6955,"date":"2025-10-02T09:05:24","date_gmt":"2025-10-02T09:05:24","guid":{"rendered":"https:\/\/www.abchukuk.com\/index.php\/2025\/10\/02\/ali-unsat-yargitay-12-ceza-dairesi-baskanligina-secildi\/"},"modified":"2025-10-02T09:05:24","modified_gmt":"2025-10-02T09:05:24","slug":"ali-unsat-yargitay-12-ceza-dairesi-baskanligina-secildi","status":"publish","type":"post","link":"https:\/\/www.abchukuk.com\/index.php\/2025\/10\/02\/ali-unsat-yargitay-12-ceza-dairesi-baskanligina-secildi\/","title":{"rendered":"Ali \u00dcnsat, Yarg\u0131tay 12. ceza dairesi ba\u015fkanl\u0131\u011f\u0131na se\u00e7ildi"},"content":{"rendered":"<p>Yarg\u0131tay 12. Ceza Dairesi Ba\u015fkanl\u0131\u011f\u0131 i\u00e7in aylard\u0131r devam eden se\u00e7im s\u00fcreci, 1 Ekim\u2019de\u00a0 yap\u0131lan 48. oylamada sonu\u00e7land\u0131.<\/p>\n<p>AL\u0130 \u00dcNSAT DA\u0130RE BA\u015eKANLI\u011eINA SE\u00c7\u0130LD\u0130<br \/>\nYarg\u0131tay B\u00fcy\u00fck Genel Kurulunda ger\u00e7ekle\u015ftirilen oylamaya 284 \u00fcye kat\u0131ld\u0131. Se\u00e7imde, 170 oy alan Yarg\u0131tay 12. Ceza Dairesi \u00dcyesi Ali \u00dcnsat daire ba\u015fkanl\u0131\u011f\u0131na se\u00e7ildi. Se\u00e7imde di\u011fer aday Sinan Sezer 11 oyda kald\u0131. Ayr\u0131ca 7 oy ge\u00e7ersiz say\u0131ld\u0131.<\/p>\n<p><img fetchpriority=\"high\" decoding=\"async\" class=\"alignnone size-full wp-image-163391\" src=\"https:\/\/www.son.tv\/wp-content\/uploads\/2025\/10\/G2LFqTxW4AA9bsw.png\" alt=\"\" width=\"892\" height=\"418\" \/><\/p>\n<p>Yarg\u0131tay 12. Ceza Dairesi Ba\u015fkanl\u0131\u011f\u0131 i\u00e7in aylard\u0131r s\u00fcren se\u00e7im, 1 Ekim 2025\u2019te yap\u0131lan 48. turda sonu\u00e7land\u0131. 284 \u00fcyenin kat\u0131ld\u0131\u011f\u0131 oylamada 170 oy alan Ali \u00dcnsat ba\u015fkan se\u00e7ilirken, di\u011fer aday Sinan Sezer 11 oyda kald\u0131, 7 oy ise ge\u00e7ersiz say\u0131ld\u0131.\u00a0<a href=\"https:\/\/www.son.tv\/yargitay-12-ceza-dairesi-baskanligi-secimi-sonuclandi\/\" target=\"_blank\" class=\"feedzy-rss-link-icon\">Read More<\/a><\/p>","protected":false},"excerpt":{"rendered":"<p>Yarg\u0131tay 12. Ceza Dairesi Ba\u015fkanl\u0131\u011f\u0131 i\u00e7in aylard\u0131r devam eden se\u00e7im s\u00fcreci, 1 Ekim\u2019de\u00a0 yap\u0131lan 48. oylamada sonu\u00e7land\u0131. AL\u0130 \u00dcNSAT DA\u0130RE BA\u015eKANLI\u011eINA SE\u00c7\u0130LD\u0130 Yarg\u0131tay B\u00fcy\u00fck Genel Kurulunda ger\u00e7ekle\u015ftirilen oylamaya 284 \u00fcye kat\u0131ld\u0131. Se\u00e7imde, 170 oy alan Yarg\u0131tay 12. Ceza Dairesi \u00dcyesi Ali \u00dcnsat daire ba\u015fkanl\u0131\u011f\u0131na se\u00e7ildi. Se\u00e7imde di\u011fer aday Sinan Sezer 11 oyda kald\u0131. Ayr\u0131ca 7 [&hellip;]<\/p>\n","protected":false},"author":1,"featured_media":6956,"comment_status":"open","ping_status":"open","sticky":false,"template":"","format":"standard","meta":{"footnotes":"","_links_to":"","_links_to_target":""},"categories":[1],"tags":[],"class_list":["post-6955","post","type-post","status-publish","format-standard","has-post-thumbnail","hentry","category-haberler"],"_links":{"self":[{"href":"https:\/\/www.abchukuk.com\/index.php\/wp-json\/wp\/v2\/posts\/6955","targetHints":{"allow":["GET"]}}],"collection":[{"href":"https:\/\/www.abchukuk.com\/index.php\/wp-json\/wp\/v2\/posts"}],"about":[{"href":"https:\/\/www.abchukuk.com\/index.php\/wp-json\/wp\/v2\/types\/post"}],"author":[{"embeddable":true,"href":"https:\/\/www.abchukuk.com\/index.php\/wp-json\/wp\/v2\/users\/1"}],"replies":[{"embeddable":true,"href":"https:\/\/www.abchukuk.com\/index.php\/wp-json\/wp\/v2\/comments?post=6955"}],"version-history":[{"count":0,"href":"https:\/\/www.abchukuk.com\/index.php\/wp-json\/wp\/v2\/posts\/6955\/revisions"}],"wp:featuredmedia":[{"embeddable":true,"href":"https:\/\/www.abchukuk.com\/index.php\/wp-json\/wp\/v2\/media\/6956"}],"wp:attachment":[{"href":"https:\/\/www.abchukuk.com\/index.php\/wp-json\/wp\/v2\/media?parent=6955"}],"wp:term":[{"taxonomy":"category","embeddable":true,"href":"https:\/\/www.abchukuk.com\/index.php\/wp-json\/wp\/v2\/categories?post=6955"},{"taxonomy":"post_tag","embeddable":true,"href":"https:\/\/www.abchukuk.com\/index.php\/wp-json\/wp\/v2\/tags?post=6955"}],"curies":[{"name":"wp","href":"https:\/\/api.w.org\/{rel}","templated":true}]}}