{"id":6953,"date":"2025-10-02T09:28:00","date_gmt":"2025-10-02T09:28:00","guid":{"rendered":"https:\/\/www.abchukuk.com\/index.php\/2025\/10\/02\/avukatlar-savunma-nobetinde-caglayan-adliyesinde-alkisli-protesto\/"},"modified":"2025-10-02T09:28:00","modified_gmt":"2025-10-02T09:28:00","slug":"avukatlar-savunma-nobetinde-caglayan-adliyesinde-alkisli-protesto","status":"publish","type":"post","link":"https:\/\/www.abchukuk.com\/index.php\/2025\/10\/02\/avukatlar-savunma-nobetinde-caglayan-adliyesinde-alkisli-protesto\/","title":{"rendered":"Avukatlar &#8216;Savunma N\u00f6beti&#8217;nde: \u00c7a\u011flayan Adliyesi\u2019nde alk\u0131\u015fl\u0131 protesto"},"content":{"rendered":"<p>Avukatlar, bug\u00fcn &#8216;Savunma N\u00f6beti&#8217;ne ba\u015fl\u0131yor. \u201cSavunma susmad\u0131 susmayacak\u201d sloganlar\u0131 atan avukatlar bas\u0131n a\u00e7\u0131klamas\u0131 yapacaklar\u0131 alana do\u011fru y\u00fcr\u00fcmeye ba\u015flad\u0131. Avukatlara, \u0130stanbul Barosu Ba\u015fkan\u0131 \u0130brahim Kabo\u011flu ve Dilek \u0130mamo\u011flu da e\u015flik etti.Avukatlar, bug\u00fcn &#8216;Savunma N\u00f6beti&#8217;ne ba\u015fl\u0131yor. \u201cSavunma susmad\u0131 susmayacak\u201d sloganlar\u0131 atan avukatlar bas\u0131n a\u00e7\u0131klamas\u0131 yapacaklar\u0131 alana do\u011fru y\u00fcr\u00fcmeye ba\u015flad\u0131. Avukatlara, \u0130stanbul Barosu Ba\u015fkan\u0131 \u0130brahim Kabo\u011flu ve Dilek \u0130mamo\u011flu da e\u015flik etti.\u00a0<a href=\"https:\/\/www.cumhuriyet.com.tr\/turkiye\/avukatlar-savunma-nobeti-nde-caglayan-adliyesi-nde-alkisli-protesto-2440090\" target=\"_blank\" class=\"feedzy-rss-link-icon\">Read More<\/a><\/p>","protected":false},"excerpt":{"rendered":"<p>Avukatlar, bug\u00fcn &#8216;Savunma N\u00f6beti&#8217;ne ba\u015fl\u0131yor. \u201cSavunma susmad\u0131 susmayacak\u201d sloganlar\u0131 atan avukatlar bas\u0131n a\u00e7\u0131klamas\u0131 yapacaklar\u0131 alana do\u011fru y\u00fcr\u00fcmeye ba\u015flad\u0131. Avukatlara, \u0130stanbul Barosu Ba\u015fkan\u0131 \u0130brahim Kabo\u011flu ve Dilek \u0130mamo\u011flu da e\u015flik etti.Avukatlar, bug\u00fcn &#8216;Savunma N\u00f6beti&#8217;ne ba\u015fl\u0131yor. \u201cSavunma susmad\u0131 susmayacak\u201d sloganlar\u0131 atan avukatlar bas\u0131n a\u00e7\u0131klamas\u0131 yapacaklar\u0131 alana do\u011fru y\u00fcr\u00fcmeye ba\u015flad\u0131. Avukatlara, \u0130stanbul Barosu Ba\u015fkan\u0131 \u0130brahim Kabo\u011flu ve Dilek [&hellip;]<\/p>\n","protected":false},"author":1,"featured_media":6954,"comment_status":"open","ping_status":"open","sticky":false,"template":"","format":"standard","meta":{"footnotes":"","_links_to":"","_links_to_target":""},"categories":[1],"tags":[],"class_list":["post-6953","post","type-post","status-publish","format-standard","has-post-thumbnail","hentry","category-haberler"],"_links":{"self":[{"href":"https:\/\/www.abchukuk.com\/index.php\/wp-json\/wp\/v2\/posts\/6953","targetHints":{"allow":["GET"]}}],"collection":[{"href":"https:\/\/www.abchukuk.com\/index.php\/wp-json\/wp\/v2\/posts"}],"about":[{"href":"https:\/\/www.abchukuk.com\/index.php\/wp-json\/wp\/v2\/types\/post"}],"author":[{"embeddable":true,"href":"https:\/\/www.abchukuk.com\/index.php\/wp-json\/wp\/v2\/users\/1"}],"replies":[{"embeddable":true,"href":"https:\/\/www.abchukuk.com\/index.php\/wp-json\/wp\/v2\/comments?post=6953"}],"version-history":[{"count":0,"href":"https:\/\/www.abchukuk.com\/index.php\/wp-json\/wp\/v2\/posts\/6953\/revisions"}],"wp:featuredmedia":[{"embeddable":true,"href":"https:\/\/www.abchukuk.com\/index.php\/wp-json\/wp\/v2\/media\/6954"}],"wp:attachment":[{"href":"https:\/\/www.abchukuk.com\/index.php\/wp-json\/wp\/v2\/media?parent=6953"}],"wp:term":[{"taxonomy":"category","embeddable":true,"href":"https:\/\/www.abchukuk.com\/index.php\/wp-json\/wp\/v2\/categories?post=6953"},{"taxonomy":"post_tag","embeddable":true,"href":"https:\/\/www.abchukuk.com\/index.php\/wp-json\/wp\/v2\/tags?post=6953"}],"curies":[{"name":"wp","href":"https:\/\/api.w.org\/{rel}","templated":true}]}}