{"id":6951,"date":"2025-10-02T09:34:00","date_gmt":"2025-10-02T09:34:00","guid":{"rendered":"https:\/\/www.abchukuk.com\/index.php\/2025\/10\/02\/genelkurmay-baskani-selcuk-bayraktaroglunun-ozgur-ozele-actigi-manevi-tazminat-davasi-reddedildi\/"},"modified":"2025-10-02T09:34:00","modified_gmt":"2025-10-02T09:34:00","slug":"genelkurmay-baskani-selcuk-bayraktaroglunun-ozgur-ozele-actigi-manevi-tazminat-davasi-reddedildi","status":"publish","type":"post","link":"https:\/\/www.abchukuk.com\/index.php\/2025\/10\/02\/genelkurmay-baskani-selcuk-bayraktaroglunun-ozgur-ozele-actigi-manevi-tazminat-davasi-reddedildi\/","title":{"rendered":"Genelkurmay Ba\u015fkan\u0131 Sel\u00e7uk Bayraktaro\u011flu\u2019nun \u00d6zg\u00fcr \u00d6zel\u2019e a\u00e7t\u0131\u011f\u0131 manevi tazminat davas\u0131 reddedildi"},"content":{"rendered":"<p>Genelkurmay Ba\u015fkan\u0131 Orgeneral Sel\u00e7uk Bayraktaro\u011flu\u2019nun CHP Genel Ba\u015fkan\u0131 \u00d6zg\u00fcr \u00d6zel\u2019e kar\u015f\u0131 a\u00e7t\u0131\u011f\u0131 manevi tazminat davas\u0131 reddedildi.Genelkurmay Ba\u015fkan\u0131 Orgeneral Sel\u00e7uk Bayraktaro\u011flu\u2019nun CHP Genel Ba\u015fkan\u0131 \u00d6zg\u00fcr \u00d6zel\u2019e kar\u015f\u0131 a\u00e7t\u0131\u011f\u0131 manevi tazminat davas\u0131 reddedildi.\u00a0<a href=\"https:\/\/www.cumhuriyet.com.tr\/turkiye\/genelkurmay-baskani-selcuk-bayraktaroglu-nun-ozgur-ozel-e-actigi-manevi-tazminat-davasi-reddedildi-2440095\" target=\"_blank\" class=\"feedzy-rss-link-icon\">Read More<\/a><\/p>","protected":false},"excerpt":{"rendered":"<p>Genelkurmay Ba\u015fkan\u0131 Orgeneral Sel\u00e7uk Bayraktaro\u011flu\u2019nun CHP Genel Ba\u015fkan\u0131 \u00d6zg\u00fcr \u00d6zel\u2019e kar\u015f\u0131 a\u00e7t\u0131\u011f\u0131 manevi tazminat davas\u0131 reddedildi.Genelkurmay Ba\u015fkan\u0131 Orgeneral Sel\u00e7uk Bayraktaro\u011flu\u2019nun CHP Genel Ba\u015fkan\u0131 \u00d6zg\u00fcr \u00d6zel\u2019e kar\u015f\u0131 a\u00e7t\u0131\u011f\u0131 manevi tazminat davas\u0131 reddedildi.\u00a0Read More<\/p>\n","protected":false},"author":1,"featured_media":6952,"comment_status":"open","ping_status":"open","sticky":false,"template":"","format":"standard","meta":{"footnotes":"","_links_to":"","_links_to_target":""},"categories":[1],"tags":[],"class_list":["post-6951","post","type-post","status-publish","format-standard","has-post-thumbnail","hentry","category-haberler"],"_links":{"self":[{"href":"https:\/\/www.abchukuk.com\/index.php\/wp-json\/wp\/v2\/posts\/6951","targetHints":{"allow":["GET"]}}],"collection":[{"href":"https:\/\/www.abchukuk.com\/index.php\/wp-json\/wp\/v2\/posts"}],"about":[{"href":"https:\/\/www.abchukuk.com\/index.php\/wp-json\/wp\/v2\/types\/post"}],"author":[{"embeddable":true,"href":"https:\/\/www.abchukuk.com\/index.php\/wp-json\/wp\/v2\/users\/1"}],"replies":[{"embeddable":true,"href":"https:\/\/www.abchukuk.com\/index.php\/wp-json\/wp\/v2\/comments?post=6951"}],"version-history":[{"count":0,"href":"https:\/\/www.abchukuk.com\/index.php\/wp-json\/wp\/v2\/posts\/6951\/revisions"}],"wp:featuredmedia":[{"embeddable":true,"href":"https:\/\/www.abchukuk.com\/index.php\/wp-json\/wp\/v2\/media\/6952"}],"wp:attachment":[{"href":"https:\/\/www.abchukuk.com\/index.php\/wp-json\/wp\/v2\/media?parent=6951"}],"wp:term":[{"taxonomy":"category","embeddable":true,"href":"https:\/\/www.abchukuk.com\/index.php\/wp-json\/wp\/v2\/categories?post=6951"},{"taxonomy":"post_tag","embeddable":true,"href":"https:\/\/www.abchukuk.com\/index.php\/wp-json\/wp\/v2\/tags?post=6951"}],"curies":[{"name":"wp","href":"https:\/\/api.w.org\/{rel}","templated":true}]}}