{"id":6947,"date":"2025-10-02T08:01:00","date_gmt":"2025-10-02T08:01:00","guid":{"rendered":"https:\/\/www.abchukuk.com\/index.php\/2025\/10\/02\/cocugun-ifadesi-belirleyici-oldu-izmirde-istismar-davasinda-hapis-cezasi\/"},"modified":"2025-10-02T08:01:00","modified_gmt":"2025-10-02T08:01:00","slug":"cocugun-ifadesi-belirleyici-oldu-izmirde-istismar-davasinda-hapis-cezasi","status":"publish","type":"post","link":"https:\/\/www.abchukuk.com\/index.php\/2025\/10\/02\/cocugun-ifadesi-belirleyici-oldu-izmirde-istismar-davasinda-hapis-cezasi\/","title":{"rendered":"\u00c7ocu\u011fun ifadesi belirleyici oldu: \u0130zmir\u2019de istismar davas\u0131nda hapis cezas\u0131"},"content":{"rendered":"<p>\u0130zmir\u2019in Torbal\u0131 il\u00e7esinde 13 ya\u015f\u0131ndaki \u00e7ocu\u011fa cinsel istismarda bulundu\u011fu gerek\u00e7esiyle yarg\u0131lanan san\u0131k, tan\u0131k bulunmamas\u0131na ra\u011fmen &#8220;ma\u011fdur \u00e7ocu\u011fun tutarl\u0131 ve adli raporlarla desteklenen beyanlar\u0131&#8221; esas al\u0131narak 6 y\u0131l 8 ay hapis cezas\u0131na \u00e7arpt\u0131r\u0131ld\u0131.\u0130zmir\u2019in Torbal\u0131 il\u00e7esinde 13 ya\u015f\u0131ndaki \u00e7ocu\u011fa cinsel istismarda bulundu\u011fu gerek\u00e7esiyle yarg\u0131lanan san\u0131k, tan\u0131k bulunmamas\u0131na ra\u011fmen &#8220;ma\u011fdur \u00e7ocu\u011fun tutarl\u0131 ve adli raporlarla desteklenen beyanlar\u0131&#8221; esas al\u0131narak 6 y\u0131l 8 ay hapis cezas\u0131na \u00e7arpt\u0131r\u0131ld\u0131.\u00a0<a href=\"https:\/\/www.cumhuriyet.com.tr\/turkiye\/cocugun-ifadesi-belirleyici-oldu-izmir-de-istismar-davasinda-hapis-cezasi-2440049\" target=\"_blank\" class=\"feedzy-rss-link-icon\">Read More<\/a><\/p>","protected":false},"excerpt":{"rendered":"<p>\u0130zmir\u2019in Torbal\u0131 il\u00e7esinde 13 ya\u015f\u0131ndaki \u00e7ocu\u011fa cinsel istismarda bulundu\u011fu gerek\u00e7esiyle yarg\u0131lanan san\u0131k, tan\u0131k bulunmamas\u0131na ra\u011fmen &#8220;ma\u011fdur \u00e7ocu\u011fun tutarl\u0131 ve adli raporlarla desteklenen beyanlar\u0131&#8221; esas al\u0131narak 6 y\u0131l 8 ay hapis cezas\u0131na \u00e7arpt\u0131r\u0131ld\u0131.\u0130zmir\u2019in Torbal\u0131 il\u00e7esinde 13 ya\u015f\u0131ndaki \u00e7ocu\u011fa cinsel istismarda bulundu\u011fu gerek\u00e7esiyle yarg\u0131lanan san\u0131k, tan\u0131k bulunmamas\u0131na ra\u011fmen &#8220;ma\u011fdur \u00e7ocu\u011fun tutarl\u0131 ve adli raporlarla desteklenen beyanlar\u0131&#8221; esas [&hellip;]<\/p>\n","protected":false},"author":1,"featured_media":6948,"comment_status":"open","ping_status":"open","sticky":false,"template":"","format":"standard","meta":{"footnotes":"","_links_to":"","_links_to_target":""},"categories":[1],"tags":[],"class_list":["post-6947","post","type-post","status-publish","format-standard","has-post-thumbnail","hentry","category-haberler"],"_links":{"self":[{"href":"https:\/\/www.abchukuk.com\/index.php\/wp-json\/wp\/v2\/posts\/6947","targetHints":{"allow":["GET"]}}],"collection":[{"href":"https:\/\/www.abchukuk.com\/index.php\/wp-json\/wp\/v2\/posts"}],"about":[{"href":"https:\/\/www.abchukuk.com\/index.php\/wp-json\/wp\/v2\/types\/post"}],"author":[{"embeddable":true,"href":"https:\/\/www.abchukuk.com\/index.php\/wp-json\/wp\/v2\/users\/1"}],"replies":[{"embeddable":true,"href":"https:\/\/www.abchukuk.com\/index.php\/wp-json\/wp\/v2\/comments?post=6947"}],"version-history":[{"count":0,"href":"https:\/\/www.abchukuk.com\/index.php\/wp-json\/wp\/v2\/posts\/6947\/revisions"}],"wp:featuredmedia":[{"embeddable":true,"href":"https:\/\/www.abchukuk.com\/index.php\/wp-json\/wp\/v2\/media\/6948"}],"wp:attachment":[{"href":"https:\/\/www.abchukuk.com\/index.php\/wp-json\/wp\/v2\/media?parent=6947"}],"wp:term":[{"taxonomy":"category","embeddable":true,"href":"https:\/\/www.abchukuk.com\/index.php\/wp-json\/wp\/v2\/categories?post=6947"},{"taxonomy":"post_tag","embeddable":true,"href":"https:\/\/www.abchukuk.com\/index.php\/wp-json\/wp\/v2\/tags?post=6947"}],"curies":[{"name":"wp","href":"https:\/\/api.w.org\/{rel}","templated":true}]}}