{"id":6946,"date":"2025-10-02T08:20:04","date_gmt":"2025-10-02T08:20:04","guid":{"rendered":"https:\/\/www.abchukuk.com\/index.php\/2025\/10\/02\/papa-14-leo-yasam-hakki-savunucusu-olmanin-ne-anlama-geldigini-sorgulayarak-kurtaj-tartismasina-dahil-oldu\/"},"modified":"2025-10-02T08:20:04","modified_gmt":"2025-10-02T08:20:04","slug":"papa-14-leo-yasam-hakki-savunucusu-olmanin-ne-anlama-geldigini-sorgulayarak-kurtaj-tartismasina-dahil-oldu","status":"publish","type":"post","link":"https:\/\/www.abchukuk.com\/index.php\/2025\/10\/02\/papa-14-leo-yasam-hakki-savunucusu-olmanin-ne-anlama-geldigini-sorgulayarak-kurtaj-tartismasina-dahil-oldu\/","title":{"rendered":"Papa 14. Leo, &#8216;ya\u015fam hakk\u0131 savunucusu&#8217; olman\u0131n ne anlama geldi\u011fini sorgulayarak k\u00fcrtaj tart\u0131\u015fmas\u0131na dahil oldu"},"content":{"rendered":"<p>ABD do\u011fumlu Papa, ABD genelinde k\u00fcrtaj\u0131n yasaklanmas\u0131n\u0131 isteyen muhafazak\u00e2r &#8216;ya\u015fam yanl\u0131s\u0131&#8217; hareketin kusurlar\u0131n\u0131 vurgulayarak, ger\u00e7ekten ya\u015fam yanl\u0131s\u0131 olman\u0131n idam cezas\u0131 kar\u015f\u0131t\u0131 bir duru\u015fu da i\u00e7erdi\u011fini ileri s\u00fcrd\u00fc.ABD do\u011fumlu Papa, ABD genelinde k\u00fcrtaj\u0131n yasaklanmas\u0131n\u0131 isteyen muhafazak\u00e2r &#8216;ya\u015fam yanl\u0131s\u0131&#8217; hareketin kusurlar\u0131n\u0131 vurgulayarak, ger\u00e7ekten ya\u015fam yanl\u0131s\u0131 olman\u0131n idam cezas\u0131 kar\u015f\u0131t\u0131 bir duru\u015fu da i\u00e7erdi\u011fini ileri s\u00fcrd\u00fc.\u00a0<a href=\"http:\/\/tr.euronews.com\/2025\/10\/02\/papa-14-leo-yasam-hakki-savunucusu-olmanin-ne-anlama-geldigini-sorgulayarak-kurtaj-tartism\" target=\"_blank\" class=\"feedzy-rss-link-icon\">Read More<\/a><\/p>","protected":false},"excerpt":{"rendered":"<p>ABD do\u011fumlu Papa, ABD genelinde k\u00fcrtaj\u0131n yasaklanmas\u0131n\u0131 isteyen muhafazak\u00e2r &#8216;ya\u015fam yanl\u0131s\u0131&#8217; hareketin kusurlar\u0131n\u0131 vurgulayarak, ger\u00e7ekten ya\u015fam yanl\u0131s\u0131 olman\u0131n idam cezas\u0131 kar\u015f\u0131t\u0131 bir duru\u015fu da i\u00e7erdi\u011fini ileri s\u00fcrd\u00fc.ABD do\u011fumlu Papa, ABD genelinde k\u00fcrtaj\u0131n yasaklanmas\u0131n\u0131 isteyen muhafazak\u00e2r &#8216;ya\u015fam yanl\u0131s\u0131&#8217; hareketin kusurlar\u0131n\u0131 vurgulayarak, ger\u00e7ekten ya\u015fam yanl\u0131s\u0131 olman\u0131n idam cezas\u0131 kar\u015f\u0131t\u0131 bir duru\u015fu da i\u00e7erdi\u011fini ileri s\u00fcrd\u00fc.\u00a0Read More<\/p>\n","protected":false},"author":1,"featured_media":0,"comment_status":"open","ping_status":"open","sticky":false,"template":"","format":"standard","meta":{"footnotes":"","_links_to":"","_links_to_target":""},"categories":[1],"tags":[],"class_list":["post-6946","post","type-post","status-publish","format-standard","hentry","category-haberler"],"_links":{"self":[{"href":"https:\/\/www.abchukuk.com\/index.php\/wp-json\/wp\/v2\/posts\/6946","targetHints":{"allow":["GET"]}}],"collection":[{"href":"https:\/\/www.abchukuk.com\/index.php\/wp-json\/wp\/v2\/posts"}],"about":[{"href":"https:\/\/www.abchukuk.com\/index.php\/wp-json\/wp\/v2\/types\/post"}],"author":[{"embeddable":true,"href":"https:\/\/www.abchukuk.com\/index.php\/wp-json\/wp\/v2\/users\/1"}],"replies":[{"embeddable":true,"href":"https:\/\/www.abchukuk.com\/index.php\/wp-json\/wp\/v2\/comments?post=6946"}],"version-history":[{"count":0,"href":"https:\/\/www.abchukuk.com\/index.php\/wp-json\/wp\/v2\/posts\/6946\/revisions"}],"wp:attachment":[{"href":"https:\/\/www.abchukuk.com\/index.php\/wp-json\/wp\/v2\/media?parent=6946"}],"wp:term":[{"taxonomy":"category","embeddable":true,"href":"https:\/\/www.abchukuk.com\/index.php\/wp-json\/wp\/v2\/categories?post=6946"},{"taxonomy":"post_tag","embeddable":true,"href":"https:\/\/www.abchukuk.com\/index.php\/wp-json\/wp\/v2\/tags?post=6946"}],"curies":[{"name":"wp","href":"https:\/\/api.w.org\/{rel}","templated":true}]}}