{"id":6944,"date":"2025-10-02T08:33:00","date_gmt":"2025-10-02T08:33:00","guid":{"rendered":"https:\/\/www.abchukuk.com\/index.php\/2025\/10\/02\/uluslararasi-yed-i-velayet-kisa-film-festivali-odulleri-sahiplerini-buldu\/"},"modified":"2025-10-02T08:33:00","modified_gmt":"2025-10-02T08:33:00","slug":"uluslararasi-yed-i-velayet-kisa-film-festivali-odulleri-sahiplerini-buldu","status":"publish","type":"post","link":"https:\/\/www.abchukuk.com\/index.php\/2025\/10\/02\/uluslararasi-yed-i-velayet-kisa-film-festivali-odulleri-sahiplerini-buldu\/","title":{"rendered":"Uluslararas\u0131 Yed-i Velayet K\u0131sa Film Festivali \u00f6d\u00fclleri sahiplerini buldu"},"content":{"rendered":"<p>12. Uluslararas\u0131 Yed-i Velayet 7 Vilayet K\u0131sa Film Festivali, BTSO ev sahipli\u011finde ger\u00e7ekle\u015ftirilen t\u00f6renle sona erdi. \u201cT\u00fcrk\u2019\u00fcn Atalar\u0131\u201d temas\u0131yla d\u00fczenlenen festivalde 7 senaryo ve 4 k\u0131sa film \u00f6d\u00fcl ald\u0131.12. Uluslararas\u0131 Yed-i Velayet 7 Vilayet K\u0131sa Film Festivali, BTSO ev sahipli\u011finde ger\u00e7ekle\u015ftirilen t\u00f6renle sona erdi. \u201cT\u00fcrk\u2019\u00fcn Atalar\u0131\u201d temas\u0131yla d\u00fczenlenen festivalde 7 senaryo ve 4 k\u0131sa film \u00f6d\u00fcl ald\u0131.\u00a0<a href=\"https:\/\/www.dunya.com\/kultur-sanat\/uluslararasi-yed-i-velayet-kisa-film-festivali-odulleri-sahiplerini-buldu-haberi-796585\" target=\"_blank\" class=\"feedzy-rss-link-icon\">Read More<\/a><\/p>","protected":false},"excerpt":{"rendered":"<p>12. Uluslararas\u0131 Yed-i Velayet 7 Vilayet K\u0131sa Film Festivali, BTSO ev sahipli\u011finde ger\u00e7ekle\u015ftirilen t\u00f6renle sona erdi. \u201cT\u00fcrk\u2019\u00fcn Atalar\u0131\u201d temas\u0131yla d\u00fczenlenen festivalde 7 senaryo ve 4 k\u0131sa film \u00f6d\u00fcl ald\u0131.12. Uluslararas\u0131 Yed-i Velayet 7 Vilayet K\u0131sa Film Festivali, BTSO ev sahipli\u011finde ger\u00e7ekle\u015ftirilen t\u00f6renle sona erdi. \u201cT\u00fcrk\u2019\u00fcn Atalar\u0131\u201d temas\u0131yla d\u00fczenlenen festivalde 7 senaryo ve 4 k\u0131sa film [&hellip;]<\/p>\n","protected":false},"author":1,"featured_media":6945,"comment_status":"open","ping_status":"open","sticky":false,"template":"","format":"standard","meta":{"footnotes":"","_links_to":"","_links_to_target":""},"categories":[1],"tags":[],"class_list":["post-6944","post","type-post","status-publish","format-standard","has-post-thumbnail","hentry","category-haberler"],"_links":{"self":[{"href":"https:\/\/www.abchukuk.com\/index.php\/wp-json\/wp\/v2\/posts\/6944","targetHints":{"allow":["GET"]}}],"collection":[{"href":"https:\/\/www.abchukuk.com\/index.php\/wp-json\/wp\/v2\/posts"}],"about":[{"href":"https:\/\/www.abchukuk.com\/index.php\/wp-json\/wp\/v2\/types\/post"}],"author":[{"embeddable":true,"href":"https:\/\/www.abchukuk.com\/index.php\/wp-json\/wp\/v2\/users\/1"}],"replies":[{"embeddable":true,"href":"https:\/\/www.abchukuk.com\/index.php\/wp-json\/wp\/v2\/comments?post=6944"}],"version-history":[{"count":0,"href":"https:\/\/www.abchukuk.com\/index.php\/wp-json\/wp\/v2\/posts\/6944\/revisions"}],"wp:featuredmedia":[{"embeddable":true,"href":"https:\/\/www.abchukuk.com\/index.php\/wp-json\/wp\/v2\/media\/6945"}],"wp:attachment":[{"href":"https:\/\/www.abchukuk.com\/index.php\/wp-json\/wp\/v2\/media?parent=6944"}],"wp:term":[{"taxonomy":"category","embeddable":true,"href":"https:\/\/www.abchukuk.com\/index.php\/wp-json\/wp\/v2\/categories?post=6944"},{"taxonomy":"post_tag","embeddable":true,"href":"https:\/\/www.abchukuk.com\/index.php\/wp-json\/wp\/v2\/tags?post=6944"}],"curies":[{"name":"wp","href":"https:\/\/api.w.org\/{rel}","templated":true}]}}