{"id":6942,"date":"2025-10-02T08:43:00","date_gmt":"2025-10-02T08:43:00","guid":{"rendered":"https:\/\/www.abchukuk.com\/index.php\/2025\/10\/02\/adalet-bakanligi-personel-alimi-sonuclari-aciklandi-mi-tarih-belli-oldu-mu-cte-ikm-sonuclari-ne-zaman-aciklanacak\/"},"modified":"2025-10-02T08:43:00","modified_gmt":"2025-10-02T08:43:00","slug":"adalet-bakanligi-personel-alimi-sonuclari-aciklandi-mi-tarih-belli-oldu-mu-cte-ikm-sonuclari-ne-zaman-aciklanacak","status":"publish","type":"post","link":"https:\/\/www.abchukuk.com\/index.php\/2025\/10\/02\/adalet-bakanligi-personel-alimi-sonuclari-aciklandi-mi-tarih-belli-oldu-mu-cte-ikm-sonuclari-ne-zaman-aciklanacak\/","title":{"rendered":"Adalet Bakanl\u0131\u011f\u0131 personel al\u0131m\u0131 sonu\u00e7lar\u0131 a\u00e7\u0131kland\u0131 m\u0131, tarih belli oldu mu? CTE \u0130KM sonu\u00e7lar\u0131 ne zaman a\u00e7\u0131klanacak?"},"content":{"rendered":"<p>Adalet Bakanl\u0131\u011f\u0131nda g\u00f6rev almak isteyen on binlerce ki\u015fi ba\u015fvurular\u0131n\u0131 15 A\u011fustos&#8217;ta tamamlad\u0131. Ba\u015fvurular \u00fczerinden haftalar ge\u00e7erken sonu\u00e7 ilan edilmi\u015f de\u011fil. Bu hafta i\u00e7in beklentiler bir hayli y\u00fcksekti fakat \u015fu ana dek bir duyuru yay\u0131mlanmad\u0131. Adaylar s\u00fcrekli olarak &#8220;Adalet Bakanl\u0131\u011f\u0131 personel al\u0131m\u0131 sonu\u00e7lar\u0131 ne zaman a\u00e7\u0131klanacak&#8221; sorusunu y\u00f6neltiyor.Adalet Bakanl\u0131\u011f\u0131nda g\u00f6rev almak isteyen on binlerce ki\u015fi ba\u015fvurular\u0131n\u0131 15 A\u011fustos&#8217;ta tamamlad\u0131. Ba\u015fvurular \u00fczerinden haftalar ge\u00e7erken sonu\u00e7 ilan edilmi\u015f de\u011fil. Bu hafta i\u00e7in beklentiler bir hayli y\u00fcksekti fakat \u015fu ana dek bir duyuru yay\u0131mlanmad\u0131. Adaylar s\u00fcrekli olarak &#8220;Adalet Bakanl\u0131\u011f\u0131 personel al\u0131m\u0131 sonu\u00e7lar\u0131 ne zaman a\u00e7\u0131klanacak&#8221; sorusunu y\u00f6neltiyor.\u00a0<a href=\"https:\/\/www.dunya.com\/foto-galeri\/gundem\/adalet-bakanligi-personel-alimi-sonuclari-aciklandi-mi-tarih-belli-oldu-mu-cte-ikm-sonuclari-ne-zaman-aciklanacak-galeri-796587\" target=\"_blank\" class=\"feedzy-rss-link-icon\">Read More<\/a><\/p>","protected":false},"excerpt":{"rendered":"<p>Adalet Bakanl\u0131\u011f\u0131nda g\u00f6rev almak isteyen on binlerce ki\u015fi ba\u015fvurular\u0131n\u0131 15 A\u011fustos&#8217;ta tamamlad\u0131. Ba\u015fvurular \u00fczerinden haftalar ge\u00e7erken sonu\u00e7 ilan edilmi\u015f de\u011fil. Bu hafta i\u00e7in beklentiler bir hayli y\u00fcksekti fakat \u015fu ana dek bir duyuru yay\u0131mlanmad\u0131. Adaylar s\u00fcrekli olarak &#8220;Adalet Bakanl\u0131\u011f\u0131 personel al\u0131m\u0131 sonu\u00e7lar\u0131 ne zaman a\u00e7\u0131klanacak&#8221; sorusunu y\u00f6neltiyor.Adalet Bakanl\u0131\u011f\u0131nda g\u00f6rev almak isteyen on binlerce ki\u015fi ba\u015fvurular\u0131n\u0131 [&hellip;]<\/p>\n","protected":false},"author":1,"featured_media":6943,"comment_status":"open","ping_status":"open","sticky":false,"template":"","format":"standard","meta":{"footnotes":"","_links_to":"","_links_to_target":""},"categories":[1],"tags":[],"class_list":["post-6942","post","type-post","status-publish","format-standard","has-post-thumbnail","hentry","category-haberler"],"_links":{"self":[{"href":"https:\/\/www.abchukuk.com\/index.php\/wp-json\/wp\/v2\/posts\/6942","targetHints":{"allow":["GET"]}}],"collection":[{"href":"https:\/\/www.abchukuk.com\/index.php\/wp-json\/wp\/v2\/posts"}],"about":[{"href":"https:\/\/www.abchukuk.com\/index.php\/wp-json\/wp\/v2\/types\/post"}],"author":[{"embeddable":true,"href":"https:\/\/www.abchukuk.com\/index.php\/wp-json\/wp\/v2\/users\/1"}],"replies":[{"embeddable":true,"href":"https:\/\/www.abchukuk.com\/index.php\/wp-json\/wp\/v2\/comments?post=6942"}],"version-history":[{"count":0,"href":"https:\/\/www.abchukuk.com\/index.php\/wp-json\/wp\/v2\/posts\/6942\/revisions"}],"wp:featuredmedia":[{"embeddable":true,"href":"https:\/\/www.abchukuk.com\/index.php\/wp-json\/wp\/v2\/media\/6943"}],"wp:attachment":[{"href":"https:\/\/www.abchukuk.com\/index.php\/wp-json\/wp\/v2\/media?parent=6942"}],"wp:term":[{"taxonomy":"category","embeddable":true,"href":"https:\/\/www.abchukuk.com\/index.php\/wp-json\/wp\/v2\/categories?post=6942"},{"taxonomy":"post_tag","embeddable":true,"href":"https:\/\/www.abchukuk.com\/index.php\/wp-json\/wp\/v2\/tags?post=6942"}],"curies":[{"name":"wp","href":"https:\/\/api.w.org\/{rel}","templated":true}]}}