{"id":6940,"date":"2025-10-02T08:50:00","date_gmt":"2025-10-02T08:50:00","guid":{"rendered":"https:\/\/www.abchukuk.com\/index.php\/2025\/10\/02\/sarachane-eylemlerine-katilan-7-kisinin-durusmasi-bir-kez-daha-ertelendi\/"},"modified":"2025-10-02T08:50:00","modified_gmt":"2025-10-02T08:50:00","slug":"sarachane-eylemlerine-katilan-7-kisinin-durusmasi-bir-kez-daha-ertelendi","status":"publish","type":"post","link":"https:\/\/www.abchukuk.com\/index.php\/2025\/10\/02\/sarachane-eylemlerine-katilan-7-kisinin-durusmasi-bir-kez-daha-ertelendi\/","title":{"rendered":"Sara\u00e7hane eylemlerine kat\u0131lan 7 ki\u015finin duru\u015fmas\u0131 bir kez daha ertelendi"},"content":{"rendered":"<p>\u0130BB Ba\u015fkan\u0131 ve CHP\u2019nin Cumhurba\u015fkan\u0131 aday\u0131 Ekrem \u0130mamo\u011flu\u2019nun g\u00f6zalt\u0131na al\u0131nmas\u0131n\u0131n ard\u0131ndan ba\u015flayan eylemlere kat\u0131lan ve &#8220;Kanuna\u00a0ayk\u0131r\u0131\u00a0toplant\u0131\u00a0ve\u00a0y\u00fcr\u00fcy\u00fc\u015flere\u00a0silahs\u0131z\u00a0kat\u0131larak ihtara\u00a0ra\u011fmen\u00a0kendili\u011finden\u00a0da\u011f\u0131lmama&#8221; iddias\u0131yla haklar\u0131nda dava a\u00e7\u0131lan 7 ki\u015finin duru\u015fmas\u0131 bir kez daha ertelendi. Bir sonraki duru\u015fma 10 \u015eubat\u2019ta.\u0130BB Ba\u015fkan\u0131 ve CHP\u2019nin Cumhurba\u015fkan\u0131 aday\u0131 Ekrem \u0130mamo\u011flu\u2019nun g\u00f6zalt\u0131na al\u0131nmas\u0131n\u0131n ard\u0131ndan ba\u015flayan eylemlere kat\u0131lan ve &#8220;Kanuna\u00a0ayk\u0131r\u0131\u00a0toplant\u0131\u00a0ve\u00a0y\u00fcr\u00fcy\u00fc\u015flere\u00a0silahs\u0131z\u00a0kat\u0131larak ihtara\u00a0ra\u011fmen\u00a0kendili\u011finden\u00a0da\u011f\u0131lmama&#8221; iddias\u0131yla haklar\u0131nda dava a\u00e7\u0131lan 7 ki\u015finin duru\u015fmas\u0131 bir kez daha ertelendi. Bir sonraki duru\u015fma 10 \u015eubat\u2019ta.\u00a0<a href=\"https:\/\/www.cumhuriyet.com.tr\/turkiye\/sarachane-eylemlerine-katilan-7-kisinin-durusmasi-bir-kez-daha-ertelendi-2440073\" target=\"_blank\" class=\"feedzy-rss-link-icon\">Read More<\/a><\/p>","protected":false},"excerpt":{"rendered":"<p>\u0130BB Ba\u015fkan\u0131 ve CHP\u2019nin Cumhurba\u015fkan\u0131 aday\u0131 Ekrem \u0130mamo\u011flu\u2019nun g\u00f6zalt\u0131na al\u0131nmas\u0131n\u0131n ard\u0131ndan ba\u015flayan eylemlere kat\u0131lan ve &#8220;Kanuna\u00a0ayk\u0131r\u0131\u00a0toplant\u0131\u00a0ve\u00a0y\u00fcr\u00fcy\u00fc\u015flere\u00a0silahs\u0131z\u00a0kat\u0131larak ihtara\u00a0ra\u011fmen\u00a0kendili\u011finden\u00a0da\u011f\u0131lmama&#8221; iddias\u0131yla haklar\u0131nda dava a\u00e7\u0131lan 7 ki\u015finin duru\u015fmas\u0131 bir kez daha ertelendi. Bir sonraki duru\u015fma 10 \u015eubat\u2019ta.\u0130BB Ba\u015fkan\u0131 ve CHP\u2019nin Cumhurba\u015fkan\u0131 aday\u0131 Ekrem \u0130mamo\u011flu\u2019nun g\u00f6zalt\u0131na al\u0131nmas\u0131n\u0131n ard\u0131ndan ba\u015flayan eylemlere kat\u0131lan ve &#8220;Kanuna\u00a0ayk\u0131r\u0131\u00a0toplant\u0131\u00a0ve\u00a0y\u00fcr\u00fcy\u00fc\u015flere\u00a0silahs\u0131z\u00a0kat\u0131larak ihtara\u00a0ra\u011fmen\u00a0kendili\u011finden\u00a0da\u011f\u0131lmama&#8221; iddias\u0131yla haklar\u0131nda dava a\u00e7\u0131lan 7 ki\u015finin [&hellip;]<\/p>\n","protected":false},"author":1,"featured_media":6941,"comment_status":"open","ping_status":"open","sticky":false,"template":"","format":"standard","meta":{"footnotes":"","_links_to":"","_links_to_target":""},"categories":[1],"tags":[],"class_list":["post-6940","post","type-post","status-publish","format-standard","has-post-thumbnail","hentry","category-haberler"],"_links":{"self":[{"href":"https:\/\/www.abchukuk.com\/index.php\/wp-json\/wp\/v2\/posts\/6940","targetHints":{"allow":["GET"]}}],"collection":[{"href":"https:\/\/www.abchukuk.com\/index.php\/wp-json\/wp\/v2\/posts"}],"about":[{"href":"https:\/\/www.abchukuk.com\/index.php\/wp-json\/wp\/v2\/types\/post"}],"author":[{"embeddable":true,"href":"https:\/\/www.abchukuk.com\/index.php\/wp-json\/wp\/v2\/users\/1"}],"replies":[{"embeddable":true,"href":"https:\/\/www.abchukuk.com\/index.php\/wp-json\/wp\/v2\/comments?post=6940"}],"version-history":[{"count":0,"href":"https:\/\/www.abchukuk.com\/index.php\/wp-json\/wp\/v2\/posts\/6940\/revisions"}],"wp:featuredmedia":[{"embeddable":true,"href":"https:\/\/www.abchukuk.com\/index.php\/wp-json\/wp\/v2\/media\/6941"}],"wp:attachment":[{"href":"https:\/\/www.abchukuk.com\/index.php\/wp-json\/wp\/v2\/media?parent=6940"}],"wp:term":[{"taxonomy":"category","embeddable":true,"href":"https:\/\/www.abchukuk.com\/index.php\/wp-json\/wp\/v2\/categories?post=6940"},{"taxonomy":"post_tag","embeddable":true,"href":"https:\/\/www.abchukuk.com\/index.php\/wp-json\/wp\/v2\/tags?post=6940"}],"curies":[{"name":"wp","href":"https:\/\/api.w.org\/{rel}","templated":true}]}}