{"id":6936,"date":"2025-10-02T07:14:00","date_gmt":"2025-10-02T07:14:00","guid":{"rendered":"https:\/\/www.abchukuk.com\/index.php\/2025\/10\/02\/mahmutbey-metro-istasyonundaki-yangin-panige-neden-oldu-yolcular-tahliye-edildi\/"},"modified":"2025-10-02T07:14:00","modified_gmt":"2025-10-02T07:14:00","slug":"mahmutbey-metro-istasyonundaki-yangin-panige-neden-oldu-yolcular-tahliye-edildi","status":"publish","type":"post","link":"https:\/\/www.abchukuk.com\/index.php\/2025\/10\/02\/mahmutbey-metro-istasyonundaki-yangin-panige-neden-oldu-yolcular-tahliye-edildi\/","title":{"rendered":"Mahmutbey metro istasyonundaki yang\u0131n pani\u011fe neden oldu: Yolcular tahliye edildi!"},"content":{"rendered":"<p>\u0130stanbul&#8217;un Ba\u011fc\u0131lar il\u00e7esinde Bak\u0131rk\u00f6y-Kaya\u015fehir Metro hatt\u0131nda sefer yapan metronun fren balatalar\u0131nda \u00e7\u0131kan yang\u0131n, istasyonda k\u0131sa s\u00fcreli pani\u011fe neden oldu. Yang\u0131n, g\u00f6revlilerinin m\u00fcdahalesiyle s\u00f6nd\u00fcr\u00fcl\u00fcrken, metro i\u00e7erisinde ve istasyonda bulunan yolcular tahliye edildi.\u0130stanbul&#8217;un Ba\u011fc\u0131lar il\u00e7esinde Bak\u0131rk\u00f6y-Kaya\u015fehir Metro hatt\u0131nda sefer yapan metronun fren balatalar\u0131nda \u00e7\u0131kan yang\u0131n, istasyonda k\u0131sa s\u00fcreli pani\u011fe neden oldu. Yang\u0131n, g\u00f6revlilerinin m\u00fcdahalesiyle s\u00f6nd\u00fcr\u00fcl\u00fcrken, metro i\u00e7erisinde ve istasyonda bulunan yolcular tahliye edildi.\u00a0<a href=\"https:\/\/www.cumhuriyet.com.tr\/turkiye\/mahmutbey-metro-istasyonundaki-yangin-panige-neden-oldu-yolcular-tahliye-edildi-2440028\" target=\"_blank\" class=\"feedzy-rss-link-icon\">Read More<\/a><\/p>","protected":false},"excerpt":{"rendered":"<p>\u0130stanbul&#8217;un Ba\u011fc\u0131lar il\u00e7esinde Bak\u0131rk\u00f6y-Kaya\u015fehir Metro hatt\u0131nda sefer yapan metronun fren balatalar\u0131nda \u00e7\u0131kan yang\u0131n, istasyonda k\u0131sa s\u00fcreli pani\u011fe neden oldu. Yang\u0131n, g\u00f6revlilerinin m\u00fcdahalesiyle s\u00f6nd\u00fcr\u00fcl\u00fcrken, metro i\u00e7erisinde ve istasyonda bulunan yolcular tahliye edildi.\u0130stanbul&#8217;un Ba\u011fc\u0131lar il\u00e7esinde Bak\u0131rk\u00f6y-Kaya\u015fehir Metro hatt\u0131nda sefer yapan metronun fren balatalar\u0131nda \u00e7\u0131kan yang\u0131n, istasyonda k\u0131sa s\u00fcreli pani\u011fe neden oldu. Yang\u0131n, g\u00f6revlilerinin m\u00fcdahalesiyle s\u00f6nd\u00fcr\u00fcl\u00fcrken, metro i\u00e7erisinde [&hellip;]<\/p>\n","protected":false},"author":1,"featured_media":6937,"comment_status":"open","ping_status":"open","sticky":false,"template":"","format":"standard","meta":{"footnotes":"","_links_to":"","_links_to_target":""},"categories":[1],"tags":[],"class_list":["post-6936","post","type-post","status-publish","format-standard","has-post-thumbnail","hentry","category-haberler"],"_links":{"self":[{"href":"https:\/\/www.abchukuk.com\/index.php\/wp-json\/wp\/v2\/posts\/6936","targetHints":{"allow":["GET"]}}],"collection":[{"href":"https:\/\/www.abchukuk.com\/index.php\/wp-json\/wp\/v2\/posts"}],"about":[{"href":"https:\/\/www.abchukuk.com\/index.php\/wp-json\/wp\/v2\/types\/post"}],"author":[{"embeddable":true,"href":"https:\/\/www.abchukuk.com\/index.php\/wp-json\/wp\/v2\/users\/1"}],"replies":[{"embeddable":true,"href":"https:\/\/www.abchukuk.com\/index.php\/wp-json\/wp\/v2\/comments?post=6936"}],"version-history":[{"count":0,"href":"https:\/\/www.abchukuk.com\/index.php\/wp-json\/wp\/v2\/posts\/6936\/revisions"}],"wp:featuredmedia":[{"embeddable":true,"href":"https:\/\/www.abchukuk.com\/index.php\/wp-json\/wp\/v2\/media\/6937"}],"wp:attachment":[{"href":"https:\/\/www.abchukuk.com\/index.php\/wp-json\/wp\/v2\/media?parent=6936"}],"wp:term":[{"taxonomy":"category","embeddable":true,"href":"https:\/\/www.abchukuk.com\/index.php\/wp-json\/wp\/v2\/categories?post=6936"},{"taxonomy":"post_tag","embeddable":true,"href":"https:\/\/www.abchukuk.com\/index.php\/wp-json\/wp\/v2\/tags?post=6936"}],"curies":[{"name":"wp","href":"https:\/\/api.w.org\/{rel}","templated":true}]}}