{"id":6935,"date":"2025-10-02T07:21:39","date_gmt":"2025-10-02T07:21:39","guid":{"rendered":"https:\/\/www.abchukuk.com\/index.php\/2025\/10\/02\/savciliktan-ayse-barimin-tahliyesine-itiraz\/"},"modified":"2025-10-02T07:21:39","modified_gmt":"2025-10-02T07:21:39","slug":"savciliktan-ayse-barimin-tahliyesine-itiraz","status":"publish","type":"post","link":"https:\/\/www.abchukuk.com\/index.php\/2025\/10\/02\/savciliktan-ayse-barimin-tahliyesine-itiraz\/","title":{"rendered":"Savc\u0131l\u0131ktan Ay\u015fe Bar\u0131m\u2019\u0131n tahliyesine itiraz"},"content":{"rendered":"<p>Gezi Park\u0131 olaylar\u0131n\u0131n planlay\u0131c\u0131lar\u0131ndan biri oldu\u011fu iddias\u0131yla tutuklu yarg\u0131lanan menajer Ay\u015fe Bar\u0131m, ikinci duru\u015fmada adli kontrol \u015fart\u0131yla tahliye edildi. Mahkeme, Bar\u0131m i\u00e7in yurt d\u0131\u015f\u0131 \u00e7\u0131k\u0131\u015f yasa\u011f\u0131 ve ev hapsi karar\u0131 verdi. Ancak \u0130stanbul Cumhuriyet Ba\u015fsavc\u0131l\u0131\u011f\u0131, tahliyeye itiraz etti.Gezi Park\u0131 olaylar\u0131n\u0131n planlay\u0131c\u0131lar\u0131ndan biri oldu\u011fu iddias\u0131yla tutuklu yarg\u0131lanan menajer Ay\u015fe Bar\u0131m, ikinci duru\u015fmada adli kontrol \u015fart\u0131yla tahliye edildi. Mahkeme, Bar\u0131m i\u00e7in yurt d\u0131\u015f\u0131 \u00e7\u0131k\u0131\u015f yasa\u011f\u0131 ve ev hapsi karar\u0131 verdi. Ancak \u0130stanbul Cumhuriyet Ba\u015fsavc\u0131l\u0131\u011f\u0131, tahliyeye itiraz etti.\u00a0<a href=\"https:\/\/anlatilaninotesi.com.tr\/20251002\/savciliktan-ayse-barimin-tahliyesine-itiraz-1099839224.html\" target=\"_blank\" class=\"feedzy-rss-link-icon\">Read More<\/a><\/p>","protected":false},"excerpt":{"rendered":"<p>Gezi Park\u0131 olaylar\u0131n\u0131n planlay\u0131c\u0131lar\u0131ndan biri oldu\u011fu iddias\u0131yla tutuklu yarg\u0131lanan menajer Ay\u015fe Bar\u0131m, ikinci duru\u015fmada adli kontrol \u015fart\u0131yla tahliye edildi. Mahkeme, Bar\u0131m i\u00e7in yurt d\u0131\u015f\u0131 \u00e7\u0131k\u0131\u015f yasa\u011f\u0131 ve ev hapsi karar\u0131 verdi. Ancak \u0130stanbul Cumhuriyet Ba\u015fsavc\u0131l\u0131\u011f\u0131, tahliyeye itiraz etti.Gezi Park\u0131 olaylar\u0131n\u0131n planlay\u0131c\u0131lar\u0131ndan biri oldu\u011fu iddias\u0131yla tutuklu yarg\u0131lanan menajer Ay\u015fe Bar\u0131m, ikinci duru\u015fmada adli kontrol \u015fart\u0131yla tahliye [&hellip;]<\/p>\n","protected":false},"author":1,"featured_media":0,"comment_status":"open","ping_status":"open","sticky":false,"template":"","format":"standard","meta":{"footnotes":"","_links_to":"","_links_to_target":""},"categories":[1],"tags":[],"class_list":["post-6935","post","type-post","status-publish","format-standard","hentry","category-haberler"],"_links":{"self":[{"href":"https:\/\/www.abchukuk.com\/index.php\/wp-json\/wp\/v2\/posts\/6935","targetHints":{"allow":["GET"]}}],"collection":[{"href":"https:\/\/www.abchukuk.com\/index.php\/wp-json\/wp\/v2\/posts"}],"about":[{"href":"https:\/\/www.abchukuk.com\/index.php\/wp-json\/wp\/v2\/types\/post"}],"author":[{"embeddable":true,"href":"https:\/\/www.abchukuk.com\/index.php\/wp-json\/wp\/v2\/users\/1"}],"replies":[{"embeddable":true,"href":"https:\/\/www.abchukuk.com\/index.php\/wp-json\/wp\/v2\/comments?post=6935"}],"version-history":[{"count":0,"href":"https:\/\/www.abchukuk.com\/index.php\/wp-json\/wp\/v2\/posts\/6935\/revisions"}],"wp:attachment":[{"href":"https:\/\/www.abchukuk.com\/index.php\/wp-json\/wp\/v2\/media?parent=6935"}],"wp:term":[{"taxonomy":"category","embeddable":true,"href":"https:\/\/www.abchukuk.com\/index.php\/wp-json\/wp\/v2\/categories?post=6935"},{"taxonomy":"post_tag","embeddable":true,"href":"https:\/\/www.abchukuk.com\/index.php\/wp-json\/wp\/v2\/tags?post=6935"}],"curies":[{"name":"wp","href":"https:\/\/api.w.org\/{rel}","templated":true}]}}