{"id":6933,"date":"2025-10-02T07:40:00","date_gmt":"2025-10-02T07:40:00","guid":{"rendered":"https:\/\/www.abchukuk.com\/index.php\/2025\/10\/02\/istanbulda-isid-operasyonu-cok-sayida-gozalti-var\/"},"modified":"2025-10-02T07:40:00","modified_gmt":"2025-10-02T07:40:00","slug":"istanbulda-isid-operasyonu-cok-sayida-gozalti-var","status":"publish","type":"post","link":"https:\/\/www.abchukuk.com\/index.php\/2025\/10\/02\/istanbulda-isid-operasyonu-cok-sayida-gozalti-var\/","title":{"rendered":"\u0130stanbul\u2019da I\u015e\u0130D operasyonu: \u00c7ok say\u0131da g\u00f6zalt\u0131 var!"},"content":{"rendered":"<p>\u0130stanbul Cumhuriyet Ba\u015fsavc\u0131l\u0131\u011f\u0131nca y\u00fcr\u00fct\u00fclen soru\u015fturma kapsam\u0131nda, I\u015e\u0130D ile ba\u011flant\u0131l\u0131 olduklar\u0131 ve sosyal medya \u00fczerinden propaganda yapt\u0131klar\u0131 belirlenen 15 ki\u015finin yakalanmas\u0131na y\u00f6nelik d\u00fczenlenen operasyonda 13 \u015f\u00fcpheli g\u00f6zalt\u0131na al\u0131nd\u0131.\u0130stanbul Cumhuriyet Ba\u015fsavc\u0131l\u0131\u011f\u0131nca y\u00fcr\u00fct\u00fclen soru\u015fturma kapsam\u0131nda, I\u015e\u0130D ile ba\u011flant\u0131l\u0131 olduklar\u0131 ve sosyal medya \u00fczerinden propaganda yapt\u0131klar\u0131 belirlenen 15 ki\u015finin yakalanmas\u0131na y\u00f6nelik d\u00fczenlenen operasyonda 13 \u015f\u00fcpheli g\u00f6zalt\u0131na al\u0131nd\u0131.\u00a0<a href=\"https:\/\/www.cumhuriyet.com.tr\/turkiye\/istanbul-da-isid-operasyonu-cok-sayida-gozalti-var-2440040\" target=\"_blank\" class=\"feedzy-rss-link-icon\">Read More<\/a><\/p>","protected":false},"excerpt":{"rendered":"<p>\u0130stanbul Cumhuriyet Ba\u015fsavc\u0131l\u0131\u011f\u0131nca y\u00fcr\u00fct\u00fclen soru\u015fturma kapsam\u0131nda, I\u015e\u0130D ile ba\u011flant\u0131l\u0131 olduklar\u0131 ve sosyal medya \u00fczerinden propaganda yapt\u0131klar\u0131 belirlenen 15 ki\u015finin yakalanmas\u0131na y\u00f6nelik d\u00fczenlenen operasyonda 13 \u015f\u00fcpheli g\u00f6zalt\u0131na al\u0131nd\u0131.\u0130stanbul Cumhuriyet Ba\u015fsavc\u0131l\u0131\u011f\u0131nca y\u00fcr\u00fct\u00fclen soru\u015fturma kapsam\u0131nda, I\u015e\u0130D ile ba\u011flant\u0131l\u0131 olduklar\u0131 ve sosyal medya \u00fczerinden propaganda yapt\u0131klar\u0131 belirlenen 15 ki\u015finin yakalanmas\u0131na y\u00f6nelik d\u00fczenlenen operasyonda 13 \u015f\u00fcpheli g\u00f6zalt\u0131na al\u0131nd\u0131.\u00a0Read More<\/p>\n","protected":false},"author":1,"featured_media":6934,"comment_status":"open","ping_status":"open","sticky":false,"template":"","format":"standard","meta":{"footnotes":"","_links_to":"","_links_to_target":""},"categories":[1],"tags":[],"class_list":["post-6933","post","type-post","status-publish","format-standard","has-post-thumbnail","hentry","category-haberler"],"_links":{"self":[{"href":"https:\/\/www.abchukuk.com\/index.php\/wp-json\/wp\/v2\/posts\/6933","targetHints":{"allow":["GET"]}}],"collection":[{"href":"https:\/\/www.abchukuk.com\/index.php\/wp-json\/wp\/v2\/posts"}],"about":[{"href":"https:\/\/www.abchukuk.com\/index.php\/wp-json\/wp\/v2\/types\/post"}],"author":[{"embeddable":true,"href":"https:\/\/www.abchukuk.com\/index.php\/wp-json\/wp\/v2\/users\/1"}],"replies":[{"embeddable":true,"href":"https:\/\/www.abchukuk.com\/index.php\/wp-json\/wp\/v2\/comments?post=6933"}],"version-history":[{"count":0,"href":"https:\/\/www.abchukuk.com\/index.php\/wp-json\/wp\/v2\/posts\/6933\/revisions"}],"wp:featuredmedia":[{"embeddable":true,"href":"https:\/\/www.abchukuk.com\/index.php\/wp-json\/wp\/v2\/media\/6934"}],"wp:attachment":[{"href":"https:\/\/www.abchukuk.com\/index.php\/wp-json\/wp\/v2\/media?parent=6933"}],"wp:term":[{"taxonomy":"category","embeddable":true,"href":"https:\/\/www.abchukuk.com\/index.php\/wp-json\/wp\/v2\/categories?post=6933"},{"taxonomy":"post_tag","embeddable":true,"href":"https:\/\/www.abchukuk.com\/index.php\/wp-json\/wp\/v2\/tags?post=6933"}],"curies":[{"name":"wp","href":"https:\/\/api.w.org\/{rel}","templated":true}]}}