{"id":6931,"date":"2025-10-02T07:42:00","date_gmt":"2025-10-02T07:42:00","guid":{"rendered":"https:\/\/www.abchukuk.com\/index.php\/2025\/10\/02\/mattia-ahmet-minguzzi-davasinda-5inci-durusma-4-sanik-ilk-kez-birlikte-yargilanacak\/"},"modified":"2025-10-02T07:42:00","modified_gmt":"2025-10-02T07:42:00","slug":"mattia-ahmet-minguzzi-davasinda-5inci-durusma-4-sanik-ilk-kez-birlikte-yargilanacak","status":"publish","type":"post","link":"https:\/\/www.abchukuk.com\/index.php\/2025\/10\/02\/mattia-ahmet-minguzzi-davasinda-5inci-durusma-4-sanik-ilk-kez-birlikte-yargilanacak\/","title":{"rendered":"Mattia Ahmet Minguzzi davas\u0131nda 5&#8217;inci duru\u015fma: 4 san\u0131k ilk kez birlikte yarg\u0131lanacak!"},"content":{"rendered":"<p>Kad\u0131k\u00f6y&#8217;de al\u0131\u015fveri\u015f yapmak i\u00e7in gitti\u011fi bit pazar\u0131nda b\u0131\u00e7akl\u0131 sald\u0131r\u0131ya u\u011frayan \u0130talyan \u015fef Andrea Minguzzi ile Yasemin Ak\u0131nc\u0131lar&#8217;\u0131n o\u011flu Mattia Ahmet Minguzzi&#8217;nin (15) \u00f6l\u00fcm\u00fcyle ilgili g\u00f6r\u00fclen davan\u0131n 5&#8217;inci duru\u015fmas\u0131 bug\u00fcn g\u00f6r\u00fcl\u00fcyor.Kad\u0131k\u00f6y&#8217;de al\u0131\u015fveri\u015f yapmak i\u00e7in gitti\u011fi bit pazar\u0131nda b\u0131\u00e7akl\u0131 sald\u0131r\u0131ya u\u011frayan \u0130talyan \u015fef Andrea Minguzzi ile Yasemin Ak\u0131nc\u0131lar&#8217;\u0131n o\u011flu Mattia Ahmet Minguzzi&#8217;nin (15) \u00f6l\u00fcm\u00fcyle ilgili g\u00f6r\u00fclen davan\u0131n 5&#8217;inci duru\u015fmas\u0131 bug\u00fcn g\u00f6r\u00fcl\u00fcyor.\u00a0<a href=\"https:\/\/www.cumhuriyet.com.tr\/turkiye\/mattia-ahmet-minguzzi-davasinda-5-inci-durusma-4-sanik-ilk-kez-birlikte-yargilanacak-2440041\" target=\"_blank\" class=\"feedzy-rss-link-icon\">Read More<\/a><\/p>","protected":false},"excerpt":{"rendered":"<p>Kad\u0131k\u00f6y&#8217;de al\u0131\u015fveri\u015f yapmak i\u00e7in gitti\u011fi bit pazar\u0131nda b\u0131\u00e7akl\u0131 sald\u0131r\u0131ya u\u011frayan \u0130talyan \u015fef Andrea Minguzzi ile Yasemin Ak\u0131nc\u0131lar&#8217;\u0131n o\u011flu Mattia Ahmet Minguzzi&#8217;nin (15) \u00f6l\u00fcm\u00fcyle ilgili g\u00f6r\u00fclen davan\u0131n 5&#8217;inci duru\u015fmas\u0131 bug\u00fcn g\u00f6r\u00fcl\u00fcyor.Kad\u0131k\u00f6y&#8217;de al\u0131\u015fveri\u015f yapmak i\u00e7in gitti\u011fi bit pazar\u0131nda b\u0131\u00e7akl\u0131 sald\u0131r\u0131ya u\u011frayan \u0130talyan \u015fef Andrea Minguzzi ile Yasemin Ak\u0131nc\u0131lar&#8217;\u0131n o\u011flu Mattia Ahmet Minguzzi&#8217;nin (15) \u00f6l\u00fcm\u00fcyle ilgili g\u00f6r\u00fclen davan\u0131n [&hellip;]<\/p>\n","protected":false},"author":1,"featured_media":6932,"comment_status":"open","ping_status":"open","sticky":false,"template":"","format":"standard","meta":{"footnotes":"","_links_to":"","_links_to_target":""},"categories":[1],"tags":[],"class_list":["post-6931","post","type-post","status-publish","format-standard","has-post-thumbnail","hentry","category-haberler"],"_links":{"self":[{"href":"https:\/\/www.abchukuk.com\/index.php\/wp-json\/wp\/v2\/posts\/6931","targetHints":{"allow":["GET"]}}],"collection":[{"href":"https:\/\/www.abchukuk.com\/index.php\/wp-json\/wp\/v2\/posts"}],"about":[{"href":"https:\/\/www.abchukuk.com\/index.php\/wp-json\/wp\/v2\/types\/post"}],"author":[{"embeddable":true,"href":"https:\/\/www.abchukuk.com\/index.php\/wp-json\/wp\/v2\/users\/1"}],"replies":[{"embeddable":true,"href":"https:\/\/www.abchukuk.com\/index.php\/wp-json\/wp\/v2\/comments?post=6931"}],"version-history":[{"count":0,"href":"https:\/\/www.abchukuk.com\/index.php\/wp-json\/wp\/v2\/posts\/6931\/revisions"}],"wp:featuredmedia":[{"embeddable":true,"href":"https:\/\/www.abchukuk.com\/index.php\/wp-json\/wp\/v2\/media\/6932"}],"wp:attachment":[{"href":"https:\/\/www.abchukuk.com\/index.php\/wp-json\/wp\/v2\/media?parent=6931"}],"wp:term":[{"taxonomy":"category","embeddable":true,"href":"https:\/\/www.abchukuk.com\/index.php\/wp-json\/wp\/v2\/categories?post=6931"},{"taxonomy":"post_tag","embeddable":true,"href":"https:\/\/www.abchukuk.com\/index.php\/wp-json\/wp\/v2\/tags?post=6931"}],"curies":[{"name":"wp","href":"https:\/\/api.w.org\/{rel}","templated":true}]}}