{"id":6929,"date":"2025-10-02T07:54:20","date_gmt":"2025-10-02T07:54:20","guid":{"rendered":"https:\/\/www.abchukuk.com\/index.php\/2025\/10\/02\/istanbulda-metro-yangini-yolcular-hemen-tahliye-edildi\/"},"modified":"2025-10-02T07:54:20","modified_gmt":"2025-10-02T07:54:20","slug":"istanbulda-metro-yangini-yolcular-hemen-tahliye-edildi","status":"publish","type":"post","link":"https:\/\/www.abchukuk.com\/index.php\/2025\/10\/02\/istanbulda-metro-yangini-yolcular-hemen-tahliye-edildi\/","title":{"rendered":"\u0130stanbul&#8217;da Metro Yang\u0131n\u0131! Yolcular Hemen Tahliye Edildi"},"content":{"rendered":"<p><a href=\"https:\/\/www.gercekgundem.com\/guncel\/istanbul-mahmutbeyde-metro-yangini-yolcular-hemen-tahliye-edildi-557908\"><br \/>\n                                                            <img decoding=\"async\" src=\"https:\/\/i.gercekgundem.com\/2\/150\/84\/storage\/files\/images\/2025\/10\/02\/istanbul-mahmutbeyde-metro-yangini-yolcular-hemen-tahliye-edildi-2mmh.png\" width=\"150\" height=\"84\" border=\"0\" align=\"right\" \/><br \/>\n                                                    <\/a><\/p>\n<h4>\u0130stanbul&#8217;da  Bak\u0131rk\u00f6y-Kaya\u015fehir Metro hatt\u0131n\u0131n Mahmutbey dura\u011f\u0131nda metronun fren balatalar\u0131 alev ald\u0131. Yang\u0131n\u0131n ard\u0131ndan metro tahliye edilirken, istasyon da bo\u015falt\u0131ld\u0131.<\/h4>\n<p>\u0130stanbul&#8217;da  Bak\u0131rk\u00f6y-Kaya\u015fehir Metro hatt\u0131n\u0131n Mahmutbey dura\u011f\u0131nda metronun fren balatalar\u0131 alev ald\u0131. Yang\u0131n\u0131n ard\u0131ndan metro tahliye edilirken, istasyon da bo\u015falt\u0131ld\u0131.\u00a0<a href=\"https:\/\/www.gercekgundem.com\/guncel\/istanbul-mahmutbeyde-metro-yangini-yolcular-hemen-tahliye-edildi-557908\" target=\"_blank\" class=\"feedzy-rss-link-icon\">Read More<\/a><\/p>","protected":false},"excerpt":{"rendered":"<p>\u0130stanbul&#8217;da Bak\u0131rk\u00f6y-Kaya\u015fehir Metro hatt\u0131n\u0131n Mahmutbey dura\u011f\u0131nda metronun fren balatalar\u0131 alev ald\u0131. Yang\u0131n\u0131n ard\u0131ndan metro tahliye edilirken, istasyon da bo\u015falt\u0131ld\u0131. \u0130stanbul&#8217;da Bak\u0131rk\u00f6y-Kaya\u015fehir Metro hatt\u0131n\u0131n Mahmutbey dura\u011f\u0131nda metronun fren balatalar\u0131 alev ald\u0131. Yang\u0131n\u0131n ard\u0131ndan metro tahliye edilirken, istasyon da bo\u015falt\u0131ld\u0131.\u00a0Read More<\/p>\n","protected":false},"author":1,"featured_media":6930,"comment_status":"open","ping_status":"open","sticky":false,"template":"","format":"standard","meta":{"footnotes":"","_links_to":"","_links_to_target":""},"categories":[1],"tags":[],"class_list":["post-6929","post","type-post","status-publish","format-standard","has-post-thumbnail","hentry","category-haberler"],"_links":{"self":[{"href":"https:\/\/www.abchukuk.com\/index.php\/wp-json\/wp\/v2\/posts\/6929","targetHints":{"allow":["GET"]}}],"collection":[{"href":"https:\/\/www.abchukuk.com\/index.php\/wp-json\/wp\/v2\/posts"}],"about":[{"href":"https:\/\/www.abchukuk.com\/index.php\/wp-json\/wp\/v2\/types\/post"}],"author":[{"embeddable":true,"href":"https:\/\/www.abchukuk.com\/index.php\/wp-json\/wp\/v2\/users\/1"}],"replies":[{"embeddable":true,"href":"https:\/\/www.abchukuk.com\/index.php\/wp-json\/wp\/v2\/comments?post=6929"}],"version-history":[{"count":0,"href":"https:\/\/www.abchukuk.com\/index.php\/wp-json\/wp\/v2\/posts\/6929\/revisions"}],"wp:featuredmedia":[{"embeddable":true,"href":"https:\/\/www.abchukuk.com\/index.php\/wp-json\/wp\/v2\/media\/6930"}],"wp:attachment":[{"href":"https:\/\/www.abchukuk.com\/index.php\/wp-json\/wp\/v2\/media?parent=6929"}],"wp:term":[{"taxonomy":"category","embeddable":true,"href":"https:\/\/www.abchukuk.com\/index.php\/wp-json\/wp\/v2\/categories?post=6929"},{"taxonomy":"post_tag","embeddable":true,"href":"https:\/\/www.abchukuk.com\/index.php\/wp-json\/wp\/v2\/tags?post=6929"}],"curies":[{"name":"wp","href":"https:\/\/api.w.org\/{rel}","templated":true}]}}