{"id":6927,"date":"2025-10-02T05:23:00","date_gmt":"2025-10-02T05:23:00","guid":{"rendered":"https:\/\/www.abchukuk.com\/index.php\/2025\/10\/02\/bassavciliktan-ayse-barimin-tahliyesine-itiraz\/"},"modified":"2025-10-02T05:23:00","modified_gmt":"2025-10-02T05:23:00","slug":"bassavciliktan-ayse-barimin-tahliyesine-itiraz","status":"publish","type":"post","link":"https:\/\/www.abchukuk.com\/index.php\/2025\/10\/02\/bassavciliktan-ayse-barimin-tahliyesine-itiraz\/","title":{"rendered":"Ba\u015fsavc\u0131l\u0131ktan Ay\u015fe Bar\u0131m&#8217;\u0131n Tahliyesine \u0130tiraz"},"content":{"rendered":"<p><a href=\"https:\/\/www.gercekgundem.com\/gundem\/bassavciliktan-ayse-barimin-tahliyesine-itiraz-557886\"><br \/>\n                                                            <img decoding=\"async\" src=\"https:\/\/i.gercekgundem.com\/2\/150\/84\/storage\/files\/images\/2025\/10\/02\/bassavciliktan-ayse-barimin-tahliyesine-itiraz-egj7.jpg\" width=\"150\" height=\"84\" border=\"0\" align=\"right\" \/><br \/>\n                                                    <\/a><\/p>\n<h4>Gezi Park\u0131 eylemlerine sanat\u00e7\u0131lar\u0131 y\u00f6nlendirdi\u011fi iddias\u0131yla yarg\u0131lanan menajer Ay\u015fe Bar\u0131m, 248 g\u00fcn sonra tahliye edildi. 22,5 y\u0131ldan 30 y\u0131la kadar hapsi istenen Bar\u0131m, duru\u015fmada su\u00e7lamalar\u0131 reddetti. \u0130stanbul Cumhuriyet Ba\u015fsavc\u0131l\u0131\u011f\u0131, tahliye karar\u0131na itiraz etti.<\/h4>\n<p>Gezi Park\u0131 eylemlerine sanat\u00e7\u0131lar\u0131 y\u00f6nlendirdi\u011fi iddias\u0131yla yarg\u0131lanan menajer Ay\u015fe Bar\u0131m, 248 g\u00fcn sonra tahliye edildi. 22,5 y\u0131ldan 30 y\u0131la kadar hapsi istenen Bar\u0131m, duru\u015fmada su\u00e7lamalar\u0131 reddetti. \u0130stanbul Cumhuriyet Ba\u015fsavc\u0131l\u0131\u011f\u0131, tahliye karar\u0131na itiraz etti.\u00a0<a href=\"https:\/\/www.gercekgundem.com\/gundem\/bassavciliktan-ayse-barimin-tahliyesine-itiraz-557886\" target=\"_blank\" class=\"feedzy-rss-link-icon\">Read More<\/a><\/p>","protected":false},"excerpt":{"rendered":"<p>Gezi Park\u0131 eylemlerine sanat\u00e7\u0131lar\u0131 y\u00f6nlendirdi\u011fi iddias\u0131yla yarg\u0131lanan menajer Ay\u015fe Bar\u0131m, 248 g\u00fcn sonra tahliye edildi. 22,5 y\u0131ldan 30 y\u0131la kadar hapsi istenen Bar\u0131m, duru\u015fmada su\u00e7lamalar\u0131 reddetti. \u0130stanbul Cumhuriyet Ba\u015fsavc\u0131l\u0131\u011f\u0131, tahliye karar\u0131na itiraz etti. Gezi Park\u0131 eylemlerine sanat\u00e7\u0131lar\u0131 y\u00f6nlendirdi\u011fi iddias\u0131yla yarg\u0131lanan menajer Ay\u015fe Bar\u0131m, 248 g\u00fcn sonra tahliye edildi. 22,5 y\u0131ldan 30 y\u0131la kadar hapsi istenen [&hellip;]<\/p>\n","protected":false},"author":1,"featured_media":6928,"comment_status":"open","ping_status":"open","sticky":false,"template":"","format":"standard","meta":{"footnotes":"","_links_to":"","_links_to_target":""},"categories":[1],"tags":[],"class_list":["post-6927","post","type-post","status-publish","format-standard","has-post-thumbnail","hentry","category-haberler"],"_links":{"self":[{"href":"https:\/\/www.abchukuk.com\/index.php\/wp-json\/wp\/v2\/posts\/6927","targetHints":{"allow":["GET"]}}],"collection":[{"href":"https:\/\/www.abchukuk.com\/index.php\/wp-json\/wp\/v2\/posts"}],"about":[{"href":"https:\/\/www.abchukuk.com\/index.php\/wp-json\/wp\/v2\/types\/post"}],"author":[{"embeddable":true,"href":"https:\/\/www.abchukuk.com\/index.php\/wp-json\/wp\/v2\/users\/1"}],"replies":[{"embeddable":true,"href":"https:\/\/www.abchukuk.com\/index.php\/wp-json\/wp\/v2\/comments?post=6927"}],"version-history":[{"count":0,"href":"https:\/\/www.abchukuk.com\/index.php\/wp-json\/wp\/v2\/posts\/6927\/revisions"}],"wp:featuredmedia":[{"embeddable":true,"href":"https:\/\/www.abchukuk.com\/index.php\/wp-json\/wp\/v2\/media\/6928"}],"wp:attachment":[{"href":"https:\/\/www.abchukuk.com\/index.php\/wp-json\/wp\/v2\/media?parent=6927"}],"wp:term":[{"taxonomy":"category","embeddable":true,"href":"https:\/\/www.abchukuk.com\/index.php\/wp-json\/wp\/v2\/categories?post=6927"},{"taxonomy":"post_tag","embeddable":true,"href":"https:\/\/www.abchukuk.com\/index.php\/wp-json\/wp\/v2\/tags?post=6927"}],"curies":[{"name":"wp","href":"https:\/\/api.w.org\/{rel}","templated":true}]}}