{"id":6925,"date":"2025-10-02T06:46:00","date_gmt":"2025-10-02T06:46:00","guid":{"rendered":"https:\/\/www.abchukuk.com\/index.php\/2025\/10\/02\/ayse-barim-cezaevinde-kac-kilo-verdigini-acikladi\/"},"modified":"2025-10-02T06:46:00","modified_gmt":"2025-10-02T06:46:00","slug":"ayse-barim-cezaevinde-kac-kilo-verdigini-acikladi","status":"publish","type":"post","link":"https:\/\/www.abchukuk.com\/index.php\/2025\/10\/02\/ayse-barim-cezaevinde-kac-kilo-verdigini-acikladi\/","title":{"rendered":"Ay\u015fe Bar\u0131m cezaevinde ka\u00e7 kilo verdi\u011fini a\u00e7\u0131klad\u0131"},"content":{"rendered":"<p>Gezi Park\u0131 davas\u0131nda tutuklu yarg\u0131lanan menajer Ay\u015fe Bar\u0131m, ev hapsi ve yurt d\u0131\u015f\u0131 \u00e7\u0131k\u0131\u015f yasa\u011f\u0131 \u015fart\u0131yla tahliye edildi. Cezaevi \u00e7\u0131k\u0131\u015f\u0131nda sa\u011fl\u0131k sorunlar\u0131ndan bahseden Bar\u0131m, \u201c32 kilo verdim, \u00e7ok zor g\u00fcnler ge\u00e7irdik\u201d dedi.Gezi Park\u0131 davas\u0131nda tutuklu yarg\u0131lanan menajer Ay\u015fe Bar\u0131m, ev hapsi ve yurt d\u0131\u015f\u0131 \u00e7\u0131k\u0131\u015f yasa\u011f\u0131 \u015fart\u0131yla tahliye edildi. Cezaevi \u00e7\u0131k\u0131\u015f\u0131nda sa\u011fl\u0131k sorunlar\u0131ndan bahseden Bar\u0131m, \u201c32 kilo verdim, \u00e7ok zor g\u00fcnler ge\u00e7irdik\u201d dedi.\u00a0<a href=\"https:\/\/www.cumhuriyet.com.tr\/turkiye\/ayse-barim-cezaevinde-kac-kilo-verdigini-acikladi-2440013\" target=\"_blank\" class=\"feedzy-rss-link-icon\">Read More<\/a><\/p>","protected":false},"excerpt":{"rendered":"<p>Gezi Park\u0131 davas\u0131nda tutuklu yarg\u0131lanan menajer Ay\u015fe Bar\u0131m, ev hapsi ve yurt d\u0131\u015f\u0131 \u00e7\u0131k\u0131\u015f yasa\u011f\u0131 \u015fart\u0131yla tahliye edildi. Cezaevi \u00e7\u0131k\u0131\u015f\u0131nda sa\u011fl\u0131k sorunlar\u0131ndan bahseden Bar\u0131m, \u201c32 kilo verdim, \u00e7ok zor g\u00fcnler ge\u00e7irdik\u201d dedi.Gezi Park\u0131 davas\u0131nda tutuklu yarg\u0131lanan menajer Ay\u015fe Bar\u0131m, ev hapsi ve yurt d\u0131\u015f\u0131 \u00e7\u0131k\u0131\u015f yasa\u011f\u0131 \u015fart\u0131yla tahliye edildi. Cezaevi \u00e7\u0131k\u0131\u015f\u0131nda sa\u011fl\u0131k sorunlar\u0131ndan bahseden Bar\u0131m, [&hellip;]<\/p>\n","protected":false},"author":1,"featured_media":6926,"comment_status":"open","ping_status":"open","sticky":false,"template":"","format":"standard","meta":{"footnotes":"","_links_to":"","_links_to_target":""},"categories":[1],"tags":[],"class_list":["post-6925","post","type-post","status-publish","format-standard","has-post-thumbnail","hentry","category-haberler"],"_links":{"self":[{"href":"https:\/\/www.abchukuk.com\/index.php\/wp-json\/wp\/v2\/posts\/6925","targetHints":{"allow":["GET"]}}],"collection":[{"href":"https:\/\/www.abchukuk.com\/index.php\/wp-json\/wp\/v2\/posts"}],"about":[{"href":"https:\/\/www.abchukuk.com\/index.php\/wp-json\/wp\/v2\/types\/post"}],"author":[{"embeddable":true,"href":"https:\/\/www.abchukuk.com\/index.php\/wp-json\/wp\/v2\/users\/1"}],"replies":[{"embeddable":true,"href":"https:\/\/www.abchukuk.com\/index.php\/wp-json\/wp\/v2\/comments?post=6925"}],"version-history":[{"count":0,"href":"https:\/\/www.abchukuk.com\/index.php\/wp-json\/wp\/v2\/posts\/6925\/revisions"}],"wp:featuredmedia":[{"embeddable":true,"href":"https:\/\/www.abchukuk.com\/index.php\/wp-json\/wp\/v2\/media\/6926"}],"wp:attachment":[{"href":"https:\/\/www.abchukuk.com\/index.php\/wp-json\/wp\/v2\/media?parent=6925"}],"wp:term":[{"taxonomy":"category","embeddable":true,"href":"https:\/\/www.abchukuk.com\/index.php\/wp-json\/wp\/v2\/categories?post=6925"},{"taxonomy":"post_tag","embeddable":true,"href":"https:\/\/www.abchukuk.com\/index.php\/wp-json\/wp\/v2\/tags?post=6925"}],"curies":[{"name":"wp","href":"https:\/\/api.w.org\/{rel}","templated":true}]}}