{"id":6923,"date":"2025-10-02T06:47:00","date_gmt":"2025-10-02T06:47:00","guid":{"rendered":"https:\/\/www.abchukuk.com\/index.php\/2025\/10\/02\/istanbul-cumhuriyet-bassavciligindan-ayse-barimin-tahliyesine-itiraz\/"},"modified":"2025-10-02T06:47:00","modified_gmt":"2025-10-02T06:47:00","slug":"istanbul-cumhuriyet-bassavciligindan-ayse-barimin-tahliyesine-itiraz","status":"publish","type":"post","link":"https:\/\/www.abchukuk.com\/index.php\/2025\/10\/02\/istanbul-cumhuriyet-bassavciligindan-ayse-barimin-tahliyesine-itiraz\/","title":{"rendered":"\u0130stanbul Cumhuriyet Ba\u015fsavc\u0131l\u0131\u011f\u0131&#8217;ndan Ay\u015fe Bar\u0131m\u2019\u0131n tahliyesine itiraz"},"content":{"rendered":"<p>Gezi Park\u0131 protestolar\u0131na sanat\u00e7\u0131lar\u0131 y\u00f6nlendirdi\u011fi iddias\u0131yla 248 g\u00fcnd\u00fcr cezaevinde bulunan menajer Ay\u015fe Bar\u0131m, ikinci duru\u015fmada tahliye edildi. Hakk\u0131nda 22,5 y\u0131ldan 30 y\u0131la kadar hapis cezas\u0131 talep edilen Bar\u0131m, su\u00e7lamalar\u0131 kabul etmezken, \u0130stanbul Cumhuriyet Ba\u015fsavc\u0131l\u0131\u011f\u0131 tahliye karar\u0131na itiraz etti.Gezi Park\u0131 protestolar\u0131na sanat\u00e7\u0131lar\u0131 y\u00f6nlendirdi\u011fi iddias\u0131yla 248 g\u00fcnd\u00fcr cezaevinde bulunan menajer Ay\u015fe Bar\u0131m, ikinci duru\u015fmada tahliye edildi. Hakk\u0131nda 22,5 y\u0131ldan 30 y\u0131la kadar hapis cezas\u0131 talep edilen Bar\u0131m, su\u00e7lamalar\u0131 kabul etmezken, \u0130stanbul Cumhuriyet Ba\u015fsavc\u0131l\u0131\u011f\u0131 tahliye karar\u0131na itiraz etti.\u00a0<a href=\"https:\/\/www.dunya.com\/gundem\/istanbul-cumhuriyet-bassavciligindan-ayse-barimin-tahliyesine-itiraz-haberi-796558\" target=\"_blank\" class=\"feedzy-rss-link-icon\">Read More<\/a><\/p>","protected":false},"excerpt":{"rendered":"<p>Gezi Park\u0131 protestolar\u0131na sanat\u00e7\u0131lar\u0131 y\u00f6nlendirdi\u011fi iddias\u0131yla 248 g\u00fcnd\u00fcr cezaevinde bulunan menajer Ay\u015fe Bar\u0131m, ikinci duru\u015fmada tahliye edildi. Hakk\u0131nda 22,5 y\u0131ldan 30 y\u0131la kadar hapis cezas\u0131 talep edilen Bar\u0131m, su\u00e7lamalar\u0131 kabul etmezken, \u0130stanbul Cumhuriyet Ba\u015fsavc\u0131l\u0131\u011f\u0131 tahliye karar\u0131na itiraz etti.Gezi Park\u0131 protestolar\u0131na sanat\u00e7\u0131lar\u0131 y\u00f6nlendirdi\u011fi iddias\u0131yla 248 g\u00fcnd\u00fcr cezaevinde bulunan menajer Ay\u015fe Bar\u0131m, ikinci duru\u015fmada tahliye edildi. Hakk\u0131nda [&hellip;]<\/p>\n","protected":false},"author":1,"featured_media":6924,"comment_status":"open","ping_status":"open","sticky":false,"template":"","format":"standard","meta":{"footnotes":"","_links_to":"","_links_to_target":""},"categories":[1],"tags":[],"class_list":["post-6923","post","type-post","status-publish","format-standard","has-post-thumbnail","hentry","category-haberler"],"_links":{"self":[{"href":"https:\/\/www.abchukuk.com\/index.php\/wp-json\/wp\/v2\/posts\/6923","targetHints":{"allow":["GET"]}}],"collection":[{"href":"https:\/\/www.abchukuk.com\/index.php\/wp-json\/wp\/v2\/posts"}],"about":[{"href":"https:\/\/www.abchukuk.com\/index.php\/wp-json\/wp\/v2\/types\/post"}],"author":[{"embeddable":true,"href":"https:\/\/www.abchukuk.com\/index.php\/wp-json\/wp\/v2\/users\/1"}],"replies":[{"embeddable":true,"href":"https:\/\/www.abchukuk.com\/index.php\/wp-json\/wp\/v2\/comments?post=6923"}],"version-history":[{"count":0,"href":"https:\/\/www.abchukuk.com\/index.php\/wp-json\/wp\/v2\/posts\/6923\/revisions"}],"wp:featuredmedia":[{"embeddable":true,"href":"https:\/\/www.abchukuk.com\/index.php\/wp-json\/wp\/v2\/media\/6924"}],"wp:attachment":[{"href":"https:\/\/www.abchukuk.com\/index.php\/wp-json\/wp\/v2\/media?parent=6923"}],"wp:term":[{"taxonomy":"category","embeddable":true,"href":"https:\/\/www.abchukuk.com\/index.php\/wp-json\/wp\/v2\/categories?post=6923"},{"taxonomy":"post_tag","embeddable":true,"href":"https:\/\/www.abchukuk.com\/index.php\/wp-json\/wp\/v2\/tags?post=6923"}],"curies":[{"name":"wp","href":"https:\/\/api.w.org\/{rel}","templated":true}]}}