{"id":6912,"date":"2025-10-02T03:37:00","date_gmt":"2025-10-02T03:37:00","guid":{"rendered":"https:\/\/www.abchukuk.com\/index.php\/2025\/10\/02\/sumud-filosu-israil-saldirisi-altinda-askerler-gemilere-cikti-25-turk-aktivist-gozaltina-alindi\/"},"modified":"2025-10-02T03:37:00","modified_gmt":"2025-10-02T03:37:00","slug":"sumud-filosu-israil-saldirisi-altinda-askerler-gemilere-cikti-25-turk-aktivist-gozaltina-alindi","status":"publish","type":"post","link":"https:\/\/www.abchukuk.com\/index.php\/2025\/10\/02\/sumud-filosu-israil-saldirisi-altinda-askerler-gemilere-cikti-25-turk-aktivist-gozaltina-alindi\/","title":{"rendered":"Sumud Filosu \u0130srail Sald\u0131r\u0131s\u0131 Alt\u0131nda! Askerler Gemilere \u00c7\u0131kt\u0131, 25 T\u00fcrk Aktivist G\u00f6zalt\u0131na Al\u0131nd\u0131"},"content":{"rendered":"<p><a href=\"https:\/\/www.gercekgundem.com\/dunya\/sumud-filosu-israil-saldirisi-altinda-askerler-gemilere-cikti-25-turk-aktivist-gozaltina-alindi-557883\"><br \/>\n                                                            <img decoding=\"async\" src=\"https:\/\/i.gercekgundem.com\/2\/150\/84\/storage\/files\/images\/2025\/10\/02\/sumud-filosu-israil-saldirisi-altinda-askerler-gemilere-cikti-25-turk-aktivist-gozaltina-alindi-b7ra.jpg\" width=\"150\" height=\"84\" border=\"0\" align=\"right\" \/><br \/>\n                                                    <\/a><\/p>\n<h4>\u0130srail donanmas\u0131, Gazze\u2019ye insani yard\u0131m ula\u015ft\u0131rmak amac\u0131yla yola \u00e7\u0131kan K\u00fcresel Sumud Filosu\u2019na sald\u0131r\u0131lar\u0131n\u0131 s\u00fcrd\u00fcr\u00fcyor. Teknelere giren \u0130srail askerleri aralar\u0131nda 25 T\u00fcrk aktivistin de bulundu\u011fu \u00e7ok say\u0131da ki\u015fiyi g\u00f6zalt\u0131na ald\u0131. Filodan yap\u0131lan a\u00e7\u0131klamada, 20 geminin t\u00fcm engellemelere ra\u011fmen Gazze\u2019ye do\u011fru ilerledi\u011fi belirtildi.<\/h4>\n<p>\u0130srail donanmas\u0131, Gazze\u2019ye insani yard\u0131m ula\u015ft\u0131rmak amac\u0131yla yola \u00e7\u0131kan K\u00fcresel Sumud Filosu\u2019na sald\u0131r\u0131lar\u0131n\u0131 s\u00fcrd\u00fcr\u00fcyor. Teknelere giren \u0130srail askerleri aralar\u0131nda 25 T\u00fcrk aktivistin de bulundu\u011fu \u00e7ok say\u0131da ki\u015fiyi g\u00f6zalt\u0131na ald\u0131. Filodan yap\u0131lan a\u00e7\u0131klamada, 20 geminin t\u00fcm engellemelere ra\u011fmen Gazze\u2019ye do\u011fru ilerledi\u011fi belirtildi.\u00a0<a href=\"https:\/\/www.gercekgundem.com\/dunya\/sumud-filosu-israil-saldirisi-altinda-askerler-gemilere-cikti-25-turk-aktivist-gozaltina-alindi-557883\" target=\"_blank\" class=\"feedzy-rss-link-icon\">Read More<\/a><\/p>","protected":false},"excerpt":{"rendered":"<p>\u0130srail donanmas\u0131, Gazze\u2019ye insani yard\u0131m ula\u015ft\u0131rmak amac\u0131yla yola \u00e7\u0131kan K\u00fcresel Sumud Filosu\u2019na sald\u0131r\u0131lar\u0131n\u0131 s\u00fcrd\u00fcr\u00fcyor. Teknelere giren \u0130srail askerleri aralar\u0131nda 25 T\u00fcrk aktivistin de bulundu\u011fu \u00e7ok say\u0131da ki\u015fiyi g\u00f6zalt\u0131na ald\u0131. Filodan yap\u0131lan a\u00e7\u0131klamada, 20 geminin t\u00fcm engellemelere ra\u011fmen Gazze\u2019ye do\u011fru ilerledi\u011fi belirtildi. \u0130srail donanmas\u0131, Gazze\u2019ye insani yard\u0131m ula\u015ft\u0131rmak amac\u0131yla yola \u00e7\u0131kan K\u00fcresel Sumud Filosu\u2019na sald\u0131r\u0131lar\u0131n\u0131 s\u00fcrd\u00fcr\u00fcyor. [&hellip;]<\/p>\n","protected":false},"author":1,"featured_media":6913,"comment_status":"open","ping_status":"open","sticky":false,"template":"","format":"standard","meta":{"footnotes":"","_links_to":"","_links_to_target":""},"categories":[1],"tags":[],"class_list":["post-6912","post","type-post","status-publish","format-standard","has-post-thumbnail","hentry","category-haberler"],"_links":{"self":[{"href":"https:\/\/www.abchukuk.com\/index.php\/wp-json\/wp\/v2\/posts\/6912","targetHints":{"allow":["GET"]}}],"collection":[{"href":"https:\/\/www.abchukuk.com\/index.php\/wp-json\/wp\/v2\/posts"}],"about":[{"href":"https:\/\/www.abchukuk.com\/index.php\/wp-json\/wp\/v2\/types\/post"}],"author":[{"embeddable":true,"href":"https:\/\/www.abchukuk.com\/index.php\/wp-json\/wp\/v2\/users\/1"}],"replies":[{"embeddable":true,"href":"https:\/\/www.abchukuk.com\/index.php\/wp-json\/wp\/v2\/comments?post=6912"}],"version-history":[{"count":0,"href":"https:\/\/www.abchukuk.com\/index.php\/wp-json\/wp\/v2\/posts\/6912\/revisions"}],"wp:featuredmedia":[{"embeddable":true,"href":"https:\/\/www.abchukuk.com\/index.php\/wp-json\/wp\/v2\/media\/6913"}],"wp:attachment":[{"href":"https:\/\/www.abchukuk.com\/index.php\/wp-json\/wp\/v2\/media?parent=6912"}],"wp:term":[{"taxonomy":"category","embeddable":true,"href":"https:\/\/www.abchukuk.com\/index.php\/wp-json\/wp\/v2\/categories?post=6912"},{"taxonomy":"post_tag","embeddable":true,"href":"https:\/\/www.abchukuk.com\/index.php\/wp-json\/wp\/v2\/tags?post=6912"}],"curies":[{"name":"wp","href":"https:\/\/api.w.org\/{rel}","templated":true}]}}