{"id":6908,"date":"2025-10-02T01:00:00","date_gmt":"2025-10-02T01:00:00","guid":{"rendered":"https:\/\/www.abchukuk.com\/index.php\/2025\/10\/02\/depremin-32-ayinda-davalar-ilerlemiyor-depremzede-aileler-adalet-bekliyor\/"},"modified":"2025-10-02T01:00:00","modified_gmt":"2025-10-02T01:00:00","slug":"depremin-32-ayinda-davalar-ilerlemiyor-depremzede-aileler-adalet-bekliyor","status":"publish","type":"post","link":"https:\/\/www.abchukuk.com\/index.php\/2025\/10\/02\/depremin-32-ayinda-davalar-ilerlemiyor-depremzede-aileler-adalet-bekliyor\/","title":{"rendered":"Depremin 32. ay\u0131nda davalar ilerlemiyor: Depremzede aileler adalet bekliyor"},"content":{"rendered":"<p>6 \u015eubat depremlerinde Hatay\u2019da y\u0131k\u0131lan Selim K\u00f6se Apartman\u0131 43 ki\u015fiye mezar olmu\u015ftu. Aradan 32 ay ge\u00e7mesine kar\u015f\u0131n davada h\u00e2l\u00e2 bilirki\u015fi raporu dahi haz\u0131rlanamad\u0131. Kay\u0131p yak\u0131nlar\u0131, adaletin geciktirilerek san\u0131klar\u0131n korunmaya \u00e7al\u0131\u015f\u0131ld\u0131\u011f\u0131n\u0131 s\u00f6yl\u00fcyor.6 \u015eubat depremlerinde Hatay\u2019da y\u0131k\u0131lan Selim K\u00f6se Apartman\u0131 43 ki\u015fiye mezar olmu\u015ftu. Aradan 32 ay ge\u00e7mesine kar\u015f\u0131n davada h\u00e2l\u00e2 bilirki\u015fi raporu dahi haz\u0131rlanamad\u0131. Kay\u0131p yak\u0131nlar\u0131, adaletin geciktirilerek san\u0131klar\u0131n korunmaya \u00e7al\u0131\u015f\u0131ld\u0131\u011f\u0131n\u0131 s\u00f6yl\u00fcyor.\u00a0<a href=\"https:\/\/www.cumhuriyet.com.tr\/turkiye\/depremin-32-ayinda-davalar-ilerlemiyor-depremzede-aileler-adalet-bekliyor-2439957\" target=\"_blank\" class=\"feedzy-rss-link-icon\">Read More<\/a><\/p>","protected":false},"excerpt":{"rendered":"<p>6 \u015eubat depremlerinde Hatay\u2019da y\u0131k\u0131lan Selim K\u00f6se Apartman\u0131 43 ki\u015fiye mezar olmu\u015ftu. Aradan 32 ay ge\u00e7mesine kar\u015f\u0131n davada h\u00e2l\u00e2 bilirki\u015fi raporu dahi haz\u0131rlanamad\u0131. Kay\u0131p yak\u0131nlar\u0131, adaletin geciktirilerek san\u0131klar\u0131n korunmaya \u00e7al\u0131\u015f\u0131ld\u0131\u011f\u0131n\u0131 s\u00f6yl\u00fcyor.6 \u015eubat depremlerinde Hatay\u2019da y\u0131k\u0131lan Selim K\u00f6se Apartman\u0131 43 ki\u015fiye mezar olmu\u015ftu. Aradan 32 ay ge\u00e7mesine kar\u015f\u0131n davada h\u00e2l\u00e2 bilirki\u015fi raporu dahi haz\u0131rlanamad\u0131. Kay\u0131p yak\u0131nlar\u0131, [&hellip;]<\/p>\n","protected":false},"author":1,"featured_media":6909,"comment_status":"open","ping_status":"open","sticky":false,"template":"","format":"standard","meta":{"footnotes":"","_links_to":"","_links_to_target":""},"categories":[1],"tags":[],"class_list":["post-6908","post","type-post","status-publish","format-standard","has-post-thumbnail","hentry","category-haberler"],"_links":{"self":[{"href":"https:\/\/www.abchukuk.com\/index.php\/wp-json\/wp\/v2\/posts\/6908","targetHints":{"allow":["GET"]}}],"collection":[{"href":"https:\/\/www.abchukuk.com\/index.php\/wp-json\/wp\/v2\/posts"}],"about":[{"href":"https:\/\/www.abchukuk.com\/index.php\/wp-json\/wp\/v2\/types\/post"}],"author":[{"embeddable":true,"href":"https:\/\/www.abchukuk.com\/index.php\/wp-json\/wp\/v2\/users\/1"}],"replies":[{"embeddable":true,"href":"https:\/\/www.abchukuk.com\/index.php\/wp-json\/wp\/v2\/comments?post=6908"}],"version-history":[{"count":0,"href":"https:\/\/www.abchukuk.com\/index.php\/wp-json\/wp\/v2\/posts\/6908\/revisions"}],"wp:featuredmedia":[{"embeddable":true,"href":"https:\/\/www.abchukuk.com\/index.php\/wp-json\/wp\/v2\/media\/6909"}],"wp:attachment":[{"href":"https:\/\/www.abchukuk.com\/index.php\/wp-json\/wp\/v2\/media?parent=6908"}],"wp:term":[{"taxonomy":"category","embeddable":true,"href":"https:\/\/www.abchukuk.com\/index.php\/wp-json\/wp\/v2\/categories?post=6908"},{"taxonomy":"post_tag","embeddable":true,"href":"https:\/\/www.abchukuk.com\/index.php\/wp-json\/wp\/v2\/tags?post=6908"}],"curies":[{"name":"wp","href":"https:\/\/api.w.org\/{rel}","templated":true}]}}