{"id":6901,"date":"2025-10-01T21:59:00","date_gmt":"2025-10-01T21:59:00","guid":{"rendered":"https:\/\/www.abchukuk.com\/index.php\/2025\/10\/01\/resmi-gazetede-yayimlandi-bazi-kisi-ve-kurumlarin-mal-varliklari-donduruldu\/"},"modified":"2025-10-01T21:59:00","modified_gmt":"2025-10-01T21:59:00","slug":"resmi-gazetede-yayimlandi-bazi-kisi-ve-kurumlarin-mal-varliklari-donduruldu","status":"publish","type":"post","link":"https:\/\/www.abchukuk.com\/index.php\/2025\/10\/01\/resmi-gazetede-yayimlandi-bazi-kisi-ve-kurumlarin-mal-varliklari-donduruldu\/","title":{"rendered":"Resmi Gazete&#8217;de yay\u0131mland\u0131: Baz\u0131 ki\u015fi ve kurumlar\u0131n mal varl\u0131klar\u0131 donduruldu"},"content":{"rendered":"<p>Birle\u015fmi\u015f Milletler G\u00fcvenlik Konseyi&#8217;nin (BMGK) karar\u0131 \u00e7er\u00e7evesinde mal varl\u0131klar\u0131 dondurulan ki\u015fi ve kurumlar\u0131n listesinde de\u011fi\u015fiklik yap\u0131lmas\u0131na ili\u015fkin Cumhurba\u015fkan\u0131 Karar\u0131, Resmi Gazete&#8217;nin m\u00fckerrer say\u0131s\u0131nda yay\u0131mland\u0131.Birle\u015fmi\u015f Milletler G\u00fcvenlik Konseyi&#8217;nin (BMGK) karar\u0131 \u00e7er\u00e7evesinde mal varl\u0131klar\u0131 dondurulan ki\u015fi ve kurumlar\u0131n listesinde de\u011fi\u015fiklik yap\u0131lmas\u0131na ili\u015fkin Cumhurba\u015fkan\u0131 Karar\u0131, Resmi Gazete&#8217;nin m\u00fckerrer say\u0131s\u0131nda yay\u0131mland\u0131.\u00a0<a href=\"https:\/\/www.cumhuriyet.com.tr\/turkiye\/resmi-gazete-de-yayimlandi-bazi-kisi-ve-kurumlarin-mal-varliklari-donduruldu-2439981\" target=\"_blank\" class=\"feedzy-rss-link-icon\">Read More<\/a><\/p>","protected":false},"excerpt":{"rendered":"<p>Birle\u015fmi\u015f Milletler G\u00fcvenlik Konseyi&#8217;nin (BMGK) karar\u0131 \u00e7er\u00e7evesinde mal varl\u0131klar\u0131 dondurulan ki\u015fi ve kurumlar\u0131n listesinde de\u011fi\u015fiklik yap\u0131lmas\u0131na ili\u015fkin Cumhurba\u015fkan\u0131 Karar\u0131, Resmi Gazete&#8217;nin m\u00fckerrer say\u0131s\u0131nda yay\u0131mland\u0131.Birle\u015fmi\u015f Milletler G\u00fcvenlik Konseyi&#8217;nin (BMGK) karar\u0131 \u00e7er\u00e7evesinde mal varl\u0131klar\u0131 dondurulan ki\u015fi ve kurumlar\u0131n listesinde de\u011fi\u015fiklik yap\u0131lmas\u0131na ili\u015fkin Cumhurba\u015fkan\u0131 Karar\u0131, Resmi Gazete&#8217;nin m\u00fckerrer say\u0131s\u0131nda yay\u0131mland\u0131.\u00a0Read More<\/p>\n","protected":false},"author":1,"featured_media":6902,"comment_status":"open","ping_status":"open","sticky":false,"template":"","format":"standard","meta":{"footnotes":"","_links_to":"","_links_to_target":""},"categories":[1],"tags":[],"class_list":["post-6901","post","type-post","status-publish","format-standard","has-post-thumbnail","hentry","category-haberler"],"_links":{"self":[{"href":"https:\/\/www.abchukuk.com\/index.php\/wp-json\/wp\/v2\/posts\/6901","targetHints":{"allow":["GET"]}}],"collection":[{"href":"https:\/\/www.abchukuk.com\/index.php\/wp-json\/wp\/v2\/posts"}],"about":[{"href":"https:\/\/www.abchukuk.com\/index.php\/wp-json\/wp\/v2\/types\/post"}],"author":[{"embeddable":true,"href":"https:\/\/www.abchukuk.com\/index.php\/wp-json\/wp\/v2\/users\/1"}],"replies":[{"embeddable":true,"href":"https:\/\/www.abchukuk.com\/index.php\/wp-json\/wp\/v2\/comments?post=6901"}],"version-history":[{"count":0,"href":"https:\/\/www.abchukuk.com\/index.php\/wp-json\/wp\/v2\/posts\/6901\/revisions"}],"wp:featuredmedia":[{"embeddable":true,"href":"https:\/\/www.abchukuk.com\/index.php\/wp-json\/wp\/v2\/media\/6902"}],"wp:attachment":[{"href":"https:\/\/www.abchukuk.com\/index.php\/wp-json\/wp\/v2\/media?parent=6901"}],"wp:term":[{"taxonomy":"category","embeddable":true,"href":"https:\/\/www.abchukuk.com\/index.php\/wp-json\/wp\/v2\/categories?post=6901"},{"taxonomy":"post_tag","embeddable":true,"href":"https:\/\/www.abchukuk.com\/index.php\/wp-json\/wp\/v2\/tags?post=6901"}],"curies":[{"name":"wp","href":"https:\/\/api.w.org\/{rel}","templated":true}]}}