{"id":6898,"date":"2025-10-01T17:08:00","date_gmt":"2025-10-01T17:08:00","guid":{"rendered":"https:\/\/www.abchukuk.com\/index.php\/2025\/10\/01\/son-dakika-sumud-filosu-yuksek-riskli-bolgede-israil-aktivistleri-gozaltina-aldi-goruntuleri-yayimladi\/"},"modified":"2025-10-01T17:08:00","modified_gmt":"2025-10-01T17:08:00","slug":"son-dakika-sumud-filosu-yuksek-riskli-bolgede-israil-aktivistleri-gozaltina-aldi-goruntuleri-yayimladi","status":"publish","type":"post","link":"https:\/\/www.abchukuk.com\/index.php\/2025\/10\/01\/son-dakika-sumud-filosu-yuksek-riskli-bolgede-israil-aktivistleri-gozaltina-aldi-goruntuleri-yayimladi\/","title":{"rendered":"Son Dakika&#8230; Sumud Filosu y\u00fcksek riskli b\u00f6lgede: \u0130srail aktivistleri g\u00f6zalt\u0131na ald\u0131, g\u00f6r\u00fcnt\u00fcleri yay\u0131mlad\u0131!"},"content":{"rendered":"<p>\u0130srail Donanmas\u0131, K\u00fcresel Sumud Filosu\u2019nu telsizle uyararak, &#8220;Geminizi durduracak ve el koyma i\u015flemi ba\u015flataca\u011f\u0131z&#8221; dedi. \u0130srail D\u0131\u015fi\u015fleri Bakanl\u0131\u011f\u0131, K\u00fcresel Sumud Filosu\u2019ndaki baz\u0131 aktivistleri g\u00f6zalt\u0131na al\u0131nd\u0131\u011f\u0131n\u0131 belirterek, g\u00f6zalt\u0131na al\u0131nan aktivistlerin g\u00f6r\u00fcnt\u00fclerini yay\u0131nlad\u0131. G\u00f6zalt\u0131na al\u0131nanlar aras\u0131nda \u0130sve\u00e7li aktivist Greta Thunberg de yer al\u0131yor.\u0130srail Donanmas\u0131, K\u00fcresel Sumud Filosu\u2019nu telsizle uyararak, &#8220;Geminizi durduracak ve el koyma i\u015flemi ba\u015flataca\u011f\u0131z&#8221; dedi. \u0130srail D\u0131\u015fi\u015fleri Bakanl\u0131\u011f\u0131, K\u00fcresel Sumud Filosu\u2019ndaki baz\u0131 aktivistleri g\u00f6zalt\u0131na al\u0131nd\u0131\u011f\u0131n\u0131 belirterek, g\u00f6zalt\u0131na al\u0131nan aktivistlerin g\u00f6r\u00fcnt\u00fclerini yay\u0131nlad\u0131. G\u00f6zalt\u0131na al\u0131nanlar aras\u0131nda \u0130sve\u00e7li aktivist Greta Thunberg de yer al\u0131yor.\u00a0<a href=\"https:\/\/www.cumhuriyet.com.tr\/dunya\/son-dakika-sumud-filosu-yuksek-riskli-bolgede-israil-in-savas-gemileri-yaklasti-2439931\" target=\"_blank\" class=\"feedzy-rss-link-icon\">Read More<\/a><\/p>","protected":false},"excerpt":{"rendered":"<p>\u0130srail Donanmas\u0131, K\u00fcresel Sumud Filosu\u2019nu telsizle uyararak, &#8220;Geminizi durduracak ve el koyma i\u015flemi ba\u015flataca\u011f\u0131z&#8221; dedi. \u0130srail D\u0131\u015fi\u015fleri Bakanl\u0131\u011f\u0131, K\u00fcresel Sumud Filosu\u2019ndaki baz\u0131 aktivistleri g\u00f6zalt\u0131na al\u0131nd\u0131\u011f\u0131n\u0131 belirterek, g\u00f6zalt\u0131na al\u0131nan aktivistlerin g\u00f6r\u00fcnt\u00fclerini yay\u0131nlad\u0131. G\u00f6zalt\u0131na al\u0131nanlar aras\u0131nda \u0130sve\u00e7li aktivist Greta Thunberg de yer al\u0131yor.\u0130srail Donanmas\u0131, K\u00fcresel Sumud Filosu\u2019nu telsizle uyararak, &#8220;Geminizi durduracak ve el koyma i\u015flemi ba\u015flataca\u011f\u0131z&#8221; dedi. [&hellip;]<\/p>\n","protected":false},"author":1,"featured_media":6899,"comment_status":"open","ping_status":"open","sticky":false,"template":"","format":"standard","meta":{"footnotes":"","_links_to":"","_links_to_target":""},"categories":[1],"tags":[],"class_list":["post-6898","post","type-post","status-publish","format-standard","has-post-thumbnail","hentry","category-haberler"],"_links":{"self":[{"href":"https:\/\/www.abchukuk.com\/index.php\/wp-json\/wp\/v2\/posts\/6898","targetHints":{"allow":["GET"]}}],"collection":[{"href":"https:\/\/www.abchukuk.com\/index.php\/wp-json\/wp\/v2\/posts"}],"about":[{"href":"https:\/\/www.abchukuk.com\/index.php\/wp-json\/wp\/v2\/types\/post"}],"author":[{"embeddable":true,"href":"https:\/\/www.abchukuk.com\/index.php\/wp-json\/wp\/v2\/users\/1"}],"replies":[{"embeddable":true,"href":"https:\/\/www.abchukuk.com\/index.php\/wp-json\/wp\/v2\/comments?post=6898"}],"version-history":[{"count":0,"href":"https:\/\/www.abchukuk.com\/index.php\/wp-json\/wp\/v2\/posts\/6898\/revisions"}],"wp:featuredmedia":[{"embeddable":true,"href":"https:\/\/www.abchukuk.com\/index.php\/wp-json\/wp\/v2\/media\/6899"}],"wp:attachment":[{"href":"https:\/\/www.abchukuk.com\/index.php\/wp-json\/wp\/v2\/media?parent=6898"}],"wp:term":[{"taxonomy":"category","embeddable":true,"href":"https:\/\/www.abchukuk.com\/index.php\/wp-json\/wp\/v2\/categories?post=6898"},{"taxonomy":"post_tag","embeddable":true,"href":"https:\/\/www.abchukuk.com\/index.php\/wp-json\/wp\/v2\/tags?post=6898"}],"curies":[{"name":"wp","href":"https:\/\/api.w.org\/{rel}","templated":true}]}}