{"id":6888,"date":"2025-10-01T19:07:09","date_gmt":"2025-10-01T19:07:09","guid":{"rendered":"https:\/\/www.abchukuk.com\/index.php\/2025\/10\/01\/katarda-bahai-toplulugu-liderinin-hapis-cezasi-kaldirildi\/"},"modified":"2025-10-01T19:07:09","modified_gmt":"2025-10-01T19:07:09","slug":"katarda-bahai-toplulugu-liderinin-hapis-cezasi-kaldirildi","status":"publish","type":"post","link":"https:\/\/www.abchukuk.com\/index.php\/2025\/10\/01\/katarda-bahai-toplulugu-liderinin-hapis-cezasi-kaldirildi\/","title":{"rendered":"Katar\u2019da Bahai toplulu\u011fu liderinin hapis cezas\u0131 kald\u0131r\u0131ld\u0131"},"content":{"rendered":"<p>\u0130nsan haklar\u0131 savunucular\u0131 ayr\u0131ca Yemen, Katar ve M\u0131s\u0131r\u2019da Bahailere y\u00f6nelik sistematik ayr\u0131mc\u0131l\u0131k ya\u015fand\u0131\u011f\u0131n\u0131 rapor ediyor.\u0130nsan haklar\u0131 savunucular\u0131 ayr\u0131ca Yemen, Katar ve M\u0131s\u0131r\u2019da Bahailere y\u00f6nelik sistematik ayr\u0131mc\u0131l\u0131k ya\u015fand\u0131\u011f\u0131n\u0131 rapor ediyor.\u00a0<a href=\"http:\/\/tr.euronews.com\/2025\/10\/01\/katarda-bahai-toplulugu-liderinin-hapis-cezasi-kaldirildi\" target=\"_blank\" class=\"feedzy-rss-link-icon\">Read More<\/a><\/p>","protected":false},"excerpt":{"rendered":"<p>\u0130nsan haklar\u0131 savunucular\u0131 ayr\u0131ca Yemen, Katar ve M\u0131s\u0131r\u2019da Bahailere y\u00f6nelik sistematik ayr\u0131mc\u0131l\u0131k ya\u015fand\u0131\u011f\u0131n\u0131 rapor ediyor.\u0130nsan haklar\u0131 savunucular\u0131 ayr\u0131ca Yemen, Katar ve M\u0131s\u0131r\u2019da Bahailere y\u00f6nelik sistematik ayr\u0131mc\u0131l\u0131k ya\u015fand\u0131\u011f\u0131n\u0131 rapor ediyor.\u00a0Read More<\/p>\n","protected":false},"author":1,"featured_media":0,"comment_status":"open","ping_status":"open","sticky":false,"template":"","format":"standard","meta":{"footnotes":"","_links_to":"","_links_to_target":""},"categories":[1],"tags":[],"class_list":["post-6888","post","type-post","status-publish","format-standard","hentry","category-haberler"],"_links":{"self":[{"href":"https:\/\/www.abchukuk.com\/index.php\/wp-json\/wp\/v2\/posts\/6888","targetHints":{"allow":["GET"]}}],"collection":[{"href":"https:\/\/www.abchukuk.com\/index.php\/wp-json\/wp\/v2\/posts"}],"about":[{"href":"https:\/\/www.abchukuk.com\/index.php\/wp-json\/wp\/v2\/types\/post"}],"author":[{"embeddable":true,"href":"https:\/\/www.abchukuk.com\/index.php\/wp-json\/wp\/v2\/users\/1"}],"replies":[{"embeddable":true,"href":"https:\/\/www.abchukuk.com\/index.php\/wp-json\/wp\/v2\/comments?post=6888"}],"version-history":[{"count":0,"href":"https:\/\/www.abchukuk.com\/index.php\/wp-json\/wp\/v2\/posts\/6888\/revisions"}],"wp:attachment":[{"href":"https:\/\/www.abchukuk.com\/index.php\/wp-json\/wp\/v2\/media?parent=6888"}],"wp:term":[{"taxonomy":"category","embeddable":true,"href":"https:\/\/www.abchukuk.com\/index.php\/wp-json\/wp\/v2\/categories?post=6888"},{"taxonomy":"post_tag","embeddable":true,"href":"https:\/\/www.abchukuk.com\/index.php\/wp-json\/wp\/v2\/tags?post=6888"}],"curies":[{"name":"wp","href":"https:\/\/api.w.org\/{rel}","templated":true}]}}