{"id":6886,"date":"2025-10-01T19:27:00","date_gmt":"2025-10-01T19:27:00","guid":{"rendered":"https:\/\/www.abchukuk.com\/index.php\/2025\/10\/01\/ayse-barim-cezaevinden-cikti-iste-ilk-goruntu\/"},"modified":"2025-10-01T19:27:00","modified_gmt":"2025-10-01T19:27:00","slug":"ayse-barim-cezaevinden-cikti-iste-ilk-goruntu","status":"publish","type":"post","link":"https:\/\/www.abchukuk.com\/index.php\/2025\/10\/01\/ayse-barim-cezaevinden-cikti-iste-ilk-goruntu\/","title":{"rendered":"Ay\u015fe Bar\u0131m Cezaevinden \u00c7\u0131kt\u0131&#8230; \u0130\u015fte \u0130lk G\u00f6r\u00fcnt\u00fc"},"content":{"rendered":"<p><a href=\"https:\/\/www.gercekgundem.com\/guncel\/ayse-barim-cezaevinden-cikti-iste-ilk-goruntu-557876\"><br \/>\n                                                            <img decoding=\"async\" src=\"https:\/\/i.gercekgundem.com\/2\/150\/84\/storage\/files\/images\/2025\/10\/01\/ayse-barim-cezaevinden-cikti-iste-ilk-goruntu-nyae.jpg\" width=\"150\" height=\"84\" border=\"0\" align=\"right\" \/><br \/>\n                                                    <\/a><\/p>\n<h4>Gezi Park\u0131 davas\u0131nda 248 g\u00fcnd\u00fcr tutuklu bulunan menajer Ay\u015fe Bar\u0131m, tahliye edildi. Avukatlar\u0131na haber verilmeden cezaevi d\u0131\u015f\u0131nda b\u0131rak\u0131lan Bar\u0131m, gazetecilerin yard\u0131m\u0131yla bir akaryak\u0131t istasyonuna g\u00f6t\u00fcr\u00fcld\u00fc..<\/h4>\n<p>Gezi Park\u0131 davas\u0131nda 248 g\u00fcnd\u00fcr tutuklu bulunan menajer Ay\u015fe Bar\u0131m, tahliye edildi. Avukatlar\u0131na haber verilmeden cezaevi d\u0131\u015f\u0131nda b\u0131rak\u0131lan Bar\u0131m, gazetecilerin yard\u0131m\u0131yla bir akaryak\u0131t istasyonuna g\u00f6t\u00fcr\u00fcld\u00fc..\u00a0<a href=\"https:\/\/www.gercekgundem.com\/guncel\/ayse-barim-cezaevinden-cikti-iste-ilk-goruntu-557876\" target=\"_blank\" class=\"feedzy-rss-link-icon\">Read More<\/a><\/p>","protected":false},"excerpt":{"rendered":"<p>Gezi Park\u0131 davas\u0131nda 248 g\u00fcnd\u00fcr tutuklu bulunan menajer Ay\u015fe Bar\u0131m, tahliye edildi. Avukatlar\u0131na haber verilmeden cezaevi d\u0131\u015f\u0131nda b\u0131rak\u0131lan Bar\u0131m, gazetecilerin yard\u0131m\u0131yla bir akaryak\u0131t istasyonuna g\u00f6t\u00fcr\u00fcld\u00fc.. Gezi Park\u0131 davas\u0131nda 248 g\u00fcnd\u00fcr tutuklu bulunan menajer Ay\u015fe Bar\u0131m, tahliye edildi. Avukatlar\u0131na haber verilmeden cezaevi d\u0131\u015f\u0131nda b\u0131rak\u0131lan Bar\u0131m, gazetecilerin yard\u0131m\u0131yla bir akaryak\u0131t istasyonuna g\u00f6t\u00fcr\u00fcld\u00fc..\u00a0Read More<\/p>\n","protected":false},"author":1,"featured_media":6887,"comment_status":"open","ping_status":"open","sticky":false,"template":"","format":"standard","meta":{"footnotes":"","_links_to":"","_links_to_target":""},"categories":[1],"tags":[],"class_list":["post-6886","post","type-post","status-publish","format-standard","has-post-thumbnail","hentry","category-haberler"],"_links":{"self":[{"href":"https:\/\/www.abchukuk.com\/index.php\/wp-json\/wp\/v2\/posts\/6886","targetHints":{"allow":["GET"]}}],"collection":[{"href":"https:\/\/www.abchukuk.com\/index.php\/wp-json\/wp\/v2\/posts"}],"about":[{"href":"https:\/\/www.abchukuk.com\/index.php\/wp-json\/wp\/v2\/types\/post"}],"author":[{"embeddable":true,"href":"https:\/\/www.abchukuk.com\/index.php\/wp-json\/wp\/v2\/users\/1"}],"replies":[{"embeddable":true,"href":"https:\/\/www.abchukuk.com\/index.php\/wp-json\/wp\/v2\/comments?post=6886"}],"version-history":[{"count":0,"href":"https:\/\/www.abchukuk.com\/index.php\/wp-json\/wp\/v2\/posts\/6886\/revisions"}],"wp:featuredmedia":[{"embeddable":true,"href":"https:\/\/www.abchukuk.com\/index.php\/wp-json\/wp\/v2\/media\/6887"}],"wp:attachment":[{"href":"https:\/\/www.abchukuk.com\/index.php\/wp-json\/wp\/v2\/media?parent=6886"}],"wp:term":[{"taxonomy":"category","embeddable":true,"href":"https:\/\/www.abchukuk.com\/index.php\/wp-json\/wp\/v2\/categories?post=6886"},{"taxonomy":"post_tag","embeddable":true,"href":"https:\/\/www.abchukuk.com\/index.php\/wp-json\/wp\/v2\/tags?post=6886"}],"curies":[{"name":"wp","href":"https:\/\/api.w.org\/{rel}","templated":true}]}}