{"id":6883,"date":"2025-10-01T17:08:08","date_gmt":"2025-10-01T17:08:08","guid":{"rendered":"https:\/\/www.abchukuk.com\/index.php\/2025\/10\/01\/almanyada-saldiri-hazirligindaki-uc-hamas-uyesi-gozaltina-alindi\/"},"modified":"2025-10-01T17:08:08","modified_gmt":"2025-10-01T17:08:08","slug":"almanyada-saldiri-hazirligindaki-uc-hamas-uyesi-gozaltina-alindi","status":"publish","type":"post","link":"https:\/\/www.abchukuk.com\/index.php\/2025\/10\/01\/almanyada-saldiri-hazirligindaki-uc-hamas-uyesi-gozaltina-alindi\/","title":{"rendered":"Almanya&#8217;da sald\u0131r\u0131 haz\u0131rl\u0131\u011f\u0131ndaki \u00fc\u00e7 Hamas \u00fcyesi g\u00f6zalt\u0131na al\u0131nd\u0131"},"content":{"rendered":"<p>\u015e\u00fcpheliler per\u015fembe g\u00fcn\u00fc mahkemeye \u00e7\u0131kacak. Hakim, davadan \u00f6nce g\u00f6zalt\u0131nda tutulup tutulmayacaklar\u0131na karar verecek.\u015e\u00fcpheliler per\u015fembe g\u00fcn\u00fc mahkemeye \u00e7\u0131kacak. Hakim, davadan \u00f6nce g\u00f6zalt\u0131nda tutulup tutulmayacaklar\u0131na karar verecek.\u00a0<a href=\"http:\/\/tr.euronews.com\/2025\/10\/01\/almanyada-saldiri-hazirligindaki-uc-hamas-uyesi-gozaltina-alindi\" target=\"_blank\" class=\"feedzy-rss-link-icon\">Read More<\/a><\/p>","protected":false},"excerpt":{"rendered":"<p>\u015e\u00fcpheliler per\u015fembe g\u00fcn\u00fc mahkemeye \u00e7\u0131kacak. Hakim, davadan \u00f6nce g\u00f6zalt\u0131nda tutulup tutulmayacaklar\u0131na karar verecek.\u015e\u00fcpheliler per\u015fembe g\u00fcn\u00fc mahkemeye \u00e7\u0131kacak. Hakim, davadan \u00f6nce g\u00f6zalt\u0131nda tutulup tutulmayacaklar\u0131na karar verecek.\u00a0Read More<\/p>\n","protected":false},"author":1,"featured_media":0,"comment_status":"open","ping_status":"open","sticky":false,"template":"","format":"standard","meta":{"footnotes":"","_links_to":"","_links_to_target":""},"categories":[1],"tags":[],"class_list":["post-6883","post","type-post","status-publish","format-standard","hentry","category-haberler"],"_links":{"self":[{"href":"https:\/\/www.abchukuk.com\/index.php\/wp-json\/wp\/v2\/posts\/6883","targetHints":{"allow":["GET"]}}],"collection":[{"href":"https:\/\/www.abchukuk.com\/index.php\/wp-json\/wp\/v2\/posts"}],"about":[{"href":"https:\/\/www.abchukuk.com\/index.php\/wp-json\/wp\/v2\/types\/post"}],"author":[{"embeddable":true,"href":"https:\/\/www.abchukuk.com\/index.php\/wp-json\/wp\/v2\/users\/1"}],"replies":[{"embeddable":true,"href":"https:\/\/www.abchukuk.com\/index.php\/wp-json\/wp\/v2\/comments?post=6883"}],"version-history":[{"count":0,"href":"https:\/\/www.abchukuk.com\/index.php\/wp-json\/wp\/v2\/posts\/6883\/revisions"}],"wp:attachment":[{"href":"https:\/\/www.abchukuk.com\/index.php\/wp-json\/wp\/v2\/media?parent=6883"}],"wp:term":[{"taxonomy":"category","embeddable":true,"href":"https:\/\/www.abchukuk.com\/index.php\/wp-json\/wp\/v2\/categories?post=6883"},{"taxonomy":"post_tag","embeddable":true,"href":"https:\/\/www.abchukuk.com\/index.php\/wp-json\/wp\/v2\/tags?post=6883"}],"curies":[{"name":"wp","href":"https:\/\/api.w.org\/{rel}","templated":true}]}}