{"id":6871,"date":"2025-10-01T16:38:16","date_gmt":"2025-10-01T16:38:16","guid":{"rendered":"https:\/\/www.abchukuk.com\/index.php\/2025\/10\/01\/mahkemenin-kayyim-gerekcesi-aciklandi-iste-carpici-detaylar\/"},"modified":"2025-10-01T16:38:16","modified_gmt":"2025-10-01T16:38:16","slug":"mahkemenin-kayyim-gerekcesi-aciklandi-iste-carpici-detaylar","status":"publish","type":"post","link":"https:\/\/www.abchukuk.com\/index.php\/2025\/10\/01\/mahkemenin-kayyim-gerekcesi-aciklandi-iste-carpici-detaylar\/","title":{"rendered":"Mahkemenin Kayy\u0131m Gerek\u00e7esi A\u00e7\u0131kland\u0131! \u0130\u015fte \u00c7arp\u0131c\u0131 Detaylar"},"content":{"rendered":"<p><a href=\"https:\/\/www.gercekgundem.com\/siyaset\/mahkemenin-kayyim-gerekcesi-aciklandi-iste-carpici-detaylar-557869\"><br \/>\n                                                            <img decoding=\"async\" src=\"https:\/\/i.gercekgundem.com\/2\/150\/84\/storage\/files\/images\/2025\/10\/01\/mahkemenin-kayyim-gerekcesi-aciklandi-iste-carpici-detaylar-t1ld.jpg\" width=\"150\" height=\"84\" border=\"0\" align=\"right\" \/><br \/>\n                                                    <\/a><\/p>\n<h4>\u0130stanbul 45. Asliye Hukuk Mahkemesi, CHP \u0130stanbul \u0130l Y\u00f6netimi\u2019ni g\u00f6revden al\u0131p yerine kayy\u0131m atamas\u0131na ili\u015fkin gerek\u00e7eli karar\u0131n\u0131 a\u00e7\u0131klad\u0131. Kararda kongreye \u015faibe kar\u0131\u015ft\u0131\u011f\u0131 ve delege iradelerinin menfaat kar\u015f\u0131l\u0131\u011f\u0131 etkilendi\u011fi savunuldu.<\/h4>\n<p>\u0130stanbul 45. Asliye Hukuk Mahkemesi, CHP \u0130stanbul \u0130l Y\u00f6netimi\u2019ni g\u00f6revden al\u0131p yerine kayy\u0131m atamas\u0131na ili\u015fkin gerek\u00e7eli karar\u0131n\u0131 a\u00e7\u0131klad\u0131. Kararda kongreye \u015faibe kar\u0131\u015ft\u0131\u011f\u0131 ve delege iradelerinin menfaat kar\u015f\u0131l\u0131\u011f\u0131 etkilendi\u011fi savunuldu.\u00a0<a href=\"https:\/\/www.gercekgundem.com\/siyaset\/mahkemenin-kayyim-gerekcesi-aciklandi-iste-carpici-detaylar-557869\" target=\"_blank\" class=\"feedzy-rss-link-icon\">Read More<\/a><\/p>","protected":false},"excerpt":{"rendered":"<p>\u0130stanbul 45. Asliye Hukuk Mahkemesi, CHP \u0130stanbul \u0130l Y\u00f6netimi\u2019ni g\u00f6revden al\u0131p yerine kayy\u0131m atamas\u0131na ili\u015fkin gerek\u00e7eli karar\u0131n\u0131 a\u00e7\u0131klad\u0131. Kararda kongreye \u015faibe kar\u0131\u015ft\u0131\u011f\u0131 ve delege iradelerinin menfaat kar\u015f\u0131l\u0131\u011f\u0131 etkilendi\u011fi savunuldu. \u0130stanbul 45. Asliye Hukuk Mahkemesi, CHP \u0130stanbul \u0130l Y\u00f6netimi\u2019ni g\u00f6revden al\u0131p yerine kayy\u0131m atamas\u0131na ili\u015fkin gerek\u00e7eli karar\u0131n\u0131 a\u00e7\u0131klad\u0131. Kararda kongreye \u015faibe kar\u0131\u015ft\u0131\u011f\u0131 ve delege iradelerinin menfaat [&hellip;]<\/p>\n","protected":false},"author":1,"featured_media":6872,"comment_status":"open","ping_status":"open","sticky":false,"template":"","format":"standard","meta":{"footnotes":"","_links_to":"","_links_to_target":""},"categories":[1],"tags":[],"class_list":["post-6871","post","type-post","status-publish","format-standard","has-post-thumbnail","hentry","category-haberler"],"_links":{"self":[{"href":"https:\/\/www.abchukuk.com\/index.php\/wp-json\/wp\/v2\/posts\/6871","targetHints":{"allow":["GET"]}}],"collection":[{"href":"https:\/\/www.abchukuk.com\/index.php\/wp-json\/wp\/v2\/posts"}],"about":[{"href":"https:\/\/www.abchukuk.com\/index.php\/wp-json\/wp\/v2\/types\/post"}],"author":[{"embeddable":true,"href":"https:\/\/www.abchukuk.com\/index.php\/wp-json\/wp\/v2\/users\/1"}],"replies":[{"embeddable":true,"href":"https:\/\/www.abchukuk.com\/index.php\/wp-json\/wp\/v2\/comments?post=6871"}],"version-history":[{"count":0,"href":"https:\/\/www.abchukuk.com\/index.php\/wp-json\/wp\/v2\/posts\/6871\/revisions"}],"wp:featuredmedia":[{"embeddable":true,"href":"https:\/\/www.abchukuk.com\/index.php\/wp-json\/wp\/v2\/media\/6872"}],"wp:attachment":[{"href":"https:\/\/www.abchukuk.com\/index.php\/wp-json\/wp\/v2\/media?parent=6871"}],"wp:term":[{"taxonomy":"category","embeddable":true,"href":"https:\/\/www.abchukuk.com\/index.php\/wp-json\/wp\/v2\/categories?post=6871"},{"taxonomy":"post_tag","embeddable":true,"href":"https:\/\/www.abchukuk.com\/index.php\/wp-json\/wp\/v2\/tags?post=6871"}],"curies":[{"name":"wp","href":"https:\/\/api.w.org\/{rel}","templated":true}]}}