{"id":6862,"date":"2025-10-01T15:46:00","date_gmt":"2025-10-01T15:46:00","guid":{"rendered":"https:\/\/www.abchukuk.com\/index.php\/2025\/10\/01\/kayyum-kalsin-demisti-mahkeme-gursel-tekin-kararinin-gerekcesini-acikladi\/"},"modified":"2025-10-01T15:46:00","modified_gmt":"2025-10-01T15:46:00","slug":"kayyum-kalsin-demisti-mahkeme-gursel-tekin-kararinin-gerekcesini-acikladi","status":"publish","type":"post","link":"https:\/\/www.abchukuk.com\/index.php\/2025\/10\/01\/kayyum-kalsin-demisti-mahkeme-gursel-tekin-kararinin-gerekcesini-acikladi\/","title":{"rendered":"&#8216;Kayyum kals\u0131n&#8217; demi\u015fti&#8230; Mahkeme &#8216;G\u00fcrsel Tekin&#8217; karar\u0131n\u0131n gerek\u00e7esini a\u00e7\u0131klad\u0131!"},"content":{"rendered":"<p>CHP \u0130stanbul \u0130l Ba\u015fkan\u0131 \u00d6zg\u00fcr \u00c7elik ve il y\u00f6netimini g\u00f6revden alan, \u0130stanbul 45. Asliye Mahkemesi, CHP&#8217;nin itiraz\u0131na ili\u015fkin verdi\u011fi karar\u0131n\u0131n gerek\u00e7esini a\u00e7\u0131klad\u0131. \u0130\u015fte ayr\u0131nt\u0131lar&#8230;CHP \u0130stanbul \u0130l Ba\u015fkan\u0131 \u00d6zg\u00fcr \u00c7elik ve il y\u00f6netimini g\u00f6revden alan, \u0130stanbul 45. Asliye Mahkemesi, CHP&#8217;nin itiraz\u0131na ili\u015fkin verdi\u011fi karar\u0131n\u0131n gerek\u00e7esini a\u00e7\u0131klad\u0131. \u0130\u015fte ayr\u0131nt\u0131lar&#8230;\u00a0<a href=\"https:\/\/www.cumhuriyet.com.tr\/siyaset\/kayyum-kalsin-demisti-mahkeme-gursel-tekin-kararinin-gerekcesini-acikladi-2439924\" target=\"_blank\" class=\"feedzy-rss-link-icon\">Read More<\/a><\/p>","protected":false},"excerpt":{"rendered":"<p>CHP \u0130stanbul \u0130l Ba\u015fkan\u0131 \u00d6zg\u00fcr \u00c7elik ve il y\u00f6netimini g\u00f6revden alan, \u0130stanbul 45. Asliye Mahkemesi, CHP&#8217;nin itiraz\u0131na ili\u015fkin verdi\u011fi karar\u0131n\u0131n gerek\u00e7esini a\u00e7\u0131klad\u0131. \u0130\u015fte ayr\u0131nt\u0131lar&#8230;CHP \u0130stanbul \u0130l Ba\u015fkan\u0131 \u00d6zg\u00fcr \u00c7elik ve il y\u00f6netimini g\u00f6revden alan, \u0130stanbul 45. Asliye Mahkemesi, CHP&#8217;nin itiraz\u0131na ili\u015fkin verdi\u011fi karar\u0131n\u0131n gerek\u00e7esini a\u00e7\u0131klad\u0131. \u0130\u015fte ayr\u0131nt\u0131lar&#8230;\u00a0Read More<\/p>\n","protected":false},"author":1,"featured_media":6863,"comment_status":"open","ping_status":"open","sticky":false,"template":"","format":"standard","meta":{"footnotes":"","_links_to":"","_links_to_target":""},"categories":[1],"tags":[],"class_list":["post-6862","post","type-post","status-publish","format-standard","has-post-thumbnail","hentry","category-haberler"],"_links":{"self":[{"href":"https:\/\/www.abchukuk.com\/index.php\/wp-json\/wp\/v2\/posts\/6862","targetHints":{"allow":["GET"]}}],"collection":[{"href":"https:\/\/www.abchukuk.com\/index.php\/wp-json\/wp\/v2\/posts"}],"about":[{"href":"https:\/\/www.abchukuk.com\/index.php\/wp-json\/wp\/v2\/types\/post"}],"author":[{"embeddable":true,"href":"https:\/\/www.abchukuk.com\/index.php\/wp-json\/wp\/v2\/users\/1"}],"replies":[{"embeddable":true,"href":"https:\/\/www.abchukuk.com\/index.php\/wp-json\/wp\/v2\/comments?post=6862"}],"version-history":[{"count":0,"href":"https:\/\/www.abchukuk.com\/index.php\/wp-json\/wp\/v2\/posts\/6862\/revisions"}],"wp:featuredmedia":[{"embeddable":true,"href":"https:\/\/www.abchukuk.com\/index.php\/wp-json\/wp\/v2\/media\/6863"}],"wp:attachment":[{"href":"https:\/\/www.abchukuk.com\/index.php\/wp-json\/wp\/v2\/media?parent=6862"}],"wp:term":[{"taxonomy":"category","embeddable":true,"href":"https:\/\/www.abchukuk.com\/index.php\/wp-json\/wp\/v2\/categories?post=6862"},{"taxonomy":"post_tag","embeddable":true,"href":"https:\/\/www.abchukuk.com\/index.php\/wp-json\/wp\/v2\/tags?post=6862"}],"curies":[{"name":"wp","href":"https:\/\/api.w.org\/{rel}","templated":true}]}}